{"id":717,"date":"2016-01-03T14:05:29","date_gmt":"2016-01-03T13:05:29","guid":{"rendered":"http:\/\/tardigrada.noblogs.org\/?p=717"},"modified":"2016-02-10T20:32:42","modified_gmt":"2016-02-10T19:32:42","slug":"la-parade-%d0%bf%d0%b0%d1%80%d0%b0%d0%b4%d0%b0-de-srdan-dragojevic-2011","status":"publish","type":"post","link":"https:\/\/tardigrada.noblogs.org\/?p=717","title":{"rendered":"La Parade,  \u041f\u0430\u0440\u0430\u0434\u0430, de Srdan Dragojevic, 2011"},"content":{"rendered":"<p><a href=\"https:\/\/tardigrada.noblogs.org\/files\/2015\/05\/321186_128767327231251_100002939539628_151372_360833403_n.jpg\"><img loading=\"lazy\" decoding=\"async\" class=\"aligncenter size-medium wp-image-746\" src=\"https:\/\/tardigrada.noblogs.org\/files\/2015\/05\/321186_128767327231251_100002939539628_151372_360833403_n-210x300.jpg\" alt=\"321186_128767327231251_100002939539628_151372_360833403_n\" width=\"210\" height=\"300\" srcset=\"https:\/\/tardigrada.noblogs.org\/files\/2015\/05\/321186_128767327231251_100002939539628_151372_360833403_n-210x300.jpg 210w, https:\/\/tardigrada.noblogs.org\/files\/2015\/05\/321186_128767327231251_100002939539628_151372_360833403_n.jpg 500w\" sizes=\"auto, (max-width: 210px) 100vw, 210px\" \/><\/a><\/p>\n<p>&nbsp;<\/p>\n<p>&nbsp;<\/p>\n<p>&nbsp;<\/p>\n<p><i><b>La Parade<\/b><\/i> (en serbe : <i>\u041f\u0430\u0440\u0430\u0434\u0430<\/i> \/ <i>Parada<\/i>) est un film serbe de Srdan Dragojevic sorti en 2011 qui d\u00e9peint avec humour la situation difficile des homosexuels en Serbie au d\u00e9but du <span class=\"romain\">XXI<\/span><sup>e<\/sup>\u00a0si\u00e8cle.<\/p>\n<p>Le film parle d&rsquo;un groupe de militant-e-s homosexuel-le-s qui essaient d&rsquo;organiser un d\u00e9fil\u00e9 de la fiert\u00e9 \u00e0 Belgrade. Lorsque les policiers refusent de leur fournir une protection, ils et elles se tournent vers un groupe de criminels de l&rsquo;ex-Yougoslavie, dont Citron (Nikola Kojo), v\u00e9t\u00e9ran de la guerre et propri\u00e9taire d&rsquo;un club de vigiles qu&rsquo;il entra\u00eene. Le film a \u00e9t\u00e9 tourn\u00e9 en Serbie, Croatie et Mac\u00e9doine avec quelques images originales enregistr\u00e9es lors de la Gay Pride de Belgrade le 10 octobre 2010<\/p>\n<p>&nbsp;<\/p>\n<p>.<a href=\"https:\/\/tardigrada.noblogs.org\/files\/2015\/05\/la-parade-affiche.jpg\"><img loading=\"lazy\" decoding=\"async\" class=\"aligncenter size-medium wp-image-718\" src=\"https:\/\/tardigrada.noblogs.org\/files\/2015\/05\/la-parade-affiche-300x157.jpg\" alt=\"la-parade-affiche\" width=\"300\" height=\"157\" srcset=\"https:\/\/tardigrada.noblogs.org\/files\/2015\/05\/la-parade-affiche-300x157.jpg 300w, https:\/\/tardigrada.noblogs.org\/files\/2015\/05\/la-parade-affiche.jpg 700w\" sizes=\"auto, (max-width: 300px) 100vw, 300px\" \/><\/a><\/p>\n","protected":false},"excerpt":{"rendered":"<p>&nbsp; &nbsp; &nbsp; La Parade (en serbe : \u041f\u0430\u0440\u0430\u0434\u0430 \/ Parada) est un film serbe de Srdan Dragojevic sorti en 2011 qui d\u00e9peint avec humour la situation difficile des homosexuels en Serbie au d\u00e9but du XXIe\u00a0si\u00e8cle. Le film parle d&rsquo;un groupe de militant-e-s homosexuel-le-s qui essaient d&rsquo;organiser un d\u00e9fil\u00e9 de la fiert\u00e9 \u00e0 Belgrade. Lorsque [&hellip;]<\/p>\n","protected":false},"author":8752,"featured_media":0,"comment_status":"open","ping_status":"closed","sticky":false,"template":"","format":"standard","meta":{"footnotes":""},"categories":[15,8,3,10],"tags":[],"class_list":["post-717","post","type-post","status-publish","format-standard","hentry","category-cinema","category-genre","category-nouvelles-lois","category-prevention"],"_links":{"self":[{"href":"https:\/\/tardigrada.noblogs.org\/index.php?rest_route=\/wp\/v2\/posts\/717","targetHints":{"allow":["GET"]}}],"collection":[{"href":"https:\/\/tardigrada.noblogs.org\/index.php?rest_route=\/wp\/v2\/posts"}],"about":[{"href":"https:\/\/tardigrada.noblogs.org\/index.php?rest_route=\/wp\/v2\/types\/post"}],"author":[{"embeddable":true,"href":"https:\/\/tardigrada.noblogs.org\/index.php?rest_route=\/wp\/v2\/users\/8752"}],"replies":[{"embeddable":true,"href":"https:\/\/tardigrada.noblogs.org\/index.php?rest_route=%2Fwp%2Fv2%2Fcomments&post=717"}],"version-history":[{"count":4,"href":"https:\/\/tardigrada.noblogs.org\/index.php?rest_route=\/wp\/v2\/posts\/717\/revisions"}],"predecessor-version":[{"id":744,"href":"https:\/\/tardigrada.noblogs.org\/index.php?rest_route=\/wp\/v2\/posts\/717\/revisions\/744"}],"wp:attachment":[{"href":"https:\/\/tardigrada.noblogs.org\/index.php?rest_route=%2Fwp%2Fv2%2Fmedia&parent=717"}],"wp:term":[{"taxonomy":"category","embeddable":true,"href":"https:\/\/tardigrada.noblogs.org\/index.php?rest_route=%2Fwp%2Fv2%2Fcategories&post=717"},{"taxonomy":"post_tag","embeddable":true,"href":"https:\/\/tardigrada.noblogs.org\/index.php?rest_route=%2Fwp%2Fv2%2Ftags&post=717"}],"curies":[{"name":"wp","href":"https:\/\/api.w.org\/{rel}","templated":true}]}}