{"id":3184,"date":"2026-05-01T17:56:32","date_gmt":"2026-05-01T15:56:32","guid":{"rendered":"https:\/\/tardigrada.noblogs.org\/?p=3184"},"modified":"2026-05-01T17:56:32","modified_gmt":"2026-05-01T15:56:32","slug":"un-coup-de-gueule-de-plus-contre-lhypocrisie-des-rouages-culturels","status":"publish","type":"post","link":"https:\/\/tardigrada.noblogs.org\/?p=3184","title":{"rendered":"Un coup de gueule de plus contre l&rsquo;hypocrisie des rouages culturels"},"content":{"rendered":"<h2 style=\"text-align: center\"><strong>Un coup de gueule de plus contre l&rsquo;hypocrisie des rouages culturels<\/strong><\/h2>\n<h3 style=\"text-align: center\">\nLa Belle Ouvrage, festival Cin\u00e9-Travail, Cin\u00e9ma Utopia Borderouge, \u00e0 Toulouse, \u00e9dition 2026.<\/h3>\n<p>&nbsp;<\/p>\n<p style=\"text-align: center\">Vendredi 1er mai 2026 : jour o\u00f9 nous c\u00e9l\u00e9brons la lutte des travailleur.euse.s. Nous \u00e9crivons pour dire notre sid\u00e9ration et notre col\u00e8re. Aujourd&rsquo;hui encore, m\u00eame quand nous travaillons \u00ab\u00a0dur\u00a0\u00bb, m\u00eame quand nous acceptons de partager notre histoire et ce qu&rsquo;elle porte en elle d&rsquo;intime et de politique, ceci pour qu&rsquo;elle soit ; montr\u00e9e, racont\u00e9e, \u00e9crite&#8230;Il<br \/>\ny a toujours moyen de nous en d\u00e9poss\u00e9der ou de nous emp\u00eacher de parler. D&rsquo;effacer la personne qui est \u00e0 l&rsquo;honneur du r\u00e9cit et la r\u00e9duire \u00e0 une mati\u00e8re qu&rsquo;on exhibe sous l&rsquo;\u0153il de la cam\u00e9ra et qu&rsquo;on silencie une fois que l&rsquo;on \u00e9teint celle-ci.<\/p>\n<p><strong>\u00ab\u00a0Parler \u00e0 notre place\u00a0\u00bb !<\/strong> Une activit\u00e9 favorite des dominants-privil\u00e9gi\u00e9s, qu&rsquo;illes soient blancs\/blanches, racis\u00e9Es ou en minorit\u00e9 de genre. Notre place, c&rsquo;est celle des personnes qui subissent le racisme et qui sont issues du prol\u00e9tariat en France ou en Alg\u00e9rie. Notre place, c&rsquo;est celle des personnes racis\u00e9Es qui s&rsquo;arrachent pour en arriver l\u00e0 o\u00f9 elles en sont. Notre place, c&rsquo;est celles de personnes qui ne fermeront plus leurs gueules et qui visibiliserons les injustices telles qu&rsquo;elles soient.<\/p>\n<p><strong>Au Festival La Belle Ouvrage<\/strong>, \u00e0 Toulouse, au cin\u00e9ma Utopia Borderouge, Zina Lekkat, ce samedi 2 mai 2026, sera absente. Des m\u00e9canismes et rouages bien huil\u00e9s afin de lui imposer le silence, de r\u00e9pondre \u00e0 sa place aux questions qui seront pos\u00e9es apr\u00e8s la projection du magnifique documentaire <strong>\u00ab\u00a0Camionneuse\u00a0\u00bb |2025, r\u00e9alis\u00e9 par Meryem-<\/strong><br \/>\n<strong>Bahia Arfaoui|,<\/strong> ou peut-\u00eatre m\u00eame d\u00e9pouiller Zina de son histoire pendant une table ronde qui r\u00e9unira la r\u00e9alisatrice, une sociologue, com\u00e9dienne\/danseuse et la marraine du festival&#8230;\u00a0\u00bbdiff\u00e9rents regards pour explorer ce que le travail fait aux corps, et comment, \u00e0 travers lui, se construisent sant\u00e9, identit\u00e9 et capacit\u00e9s de r\u00e9sistance\u00a0\u00bb, sans la protagoniste du film dont on a refus\u00e9 la venue ! De quoi s&rsquo;interroger sur l&rsquo;objectif de cette table ronde o\u00f9 on ne veut pas de la pr\u00e9sence de Zina !<\/p>\n<p>Que s&rsquo;est-il pass\u00e9e lors de la derni\u00e8re tourn\u00e9e qui a lieu en Alg\u00e9rie en mars 2026, pour que la r\u00e9alisatrice ne prenne m\u00eame pas directement contact avec Zina par la suite ?<br \/>\n<strong>Peut-\u00eatre une tentative de r\u00e9appropriation de la parole et du r\u00e9cit comme nous le d\u00e9non\u00e7ons aujourd&rsquo;hui !<\/strong> D&rsquo;ailleurs, quels r\u00f4les et fonctions jouent la r\u00e9alisatrice quant \u00e0 l&rsquo;absence de la protagoniste du film, Zina, afin de parler de sa propre histoire et de l\u2019exp\u00e9rience v\u00e9cue quant \u00e0 la r\u00e9alisation du documentaire ?<\/p>\n<p><strong>Pourquoi apr\u00e8s une invitation par mail, ou une fois que Zina travaillant \u00e0 temps plein en tant que routi\u00e8re, ait r\u00e9ussi \u00e0 se lib\u00e9rer, on lui r\u00e9ponde tranquillement \u00ab\u00a0c&rsquo;est trop tard pour organiser ta venue (3 semaines avant)\u00a0\u00bb<\/strong><strong>?<\/strong><\/p>\n<p><strong>Quelles sont les raisons pour qu&rsquo;une personne de l&rsquo;organisation du festival, n&rsquo;ait aucune explication \u00e0 fournir \u00e0 Zina autre qu&rsquo;un simple \u00ab\u00a0les organisateurs de la table ronde te rappelleront pour t&rsquo;expliquer \u00a0\u00bb quand cette derni\u00e8re propose malgr\u00e9 tout de venir \u00e0 ses propres frais alors qu&rsquo;elle est nomm\u00e9e dans les invit\u00e9es de la table ronde ?<\/strong><\/p>\n<p><strong>Aussi violent est la finalit\u00e9 de cet \u00e9change avec les organisateur.trice.s : au lieu de recontacter Zina comme pr\u00e9vu, c&rsquo;est une psychologue du travail qui lui \u00e9crit par mail pour proposer \u00e0 Zina un \u00e9change lors d&rsquo;un rdv fix\u00e9 \u00e0 l&rsquo;avance !<\/strong><\/p>\n<p>Finalement, se raconter sous vos outils et regards diss\u00e9quant c&rsquo;est ok mais continuer \u00e0 s&rsquo;approprier et expliciter notre propre r\u00e9cit lors des projections\/d\u00e9bats \u00e7a c&rsquo;est pas ok !<br \/>\n<strong>A qui revient la d\u00e9cision de comment circule la parole et qui peut y pr\u00e9tendre ou pas ?<\/strong><\/p>\n<h3 style=\"text-align: center\">\nPourquoi ce communiqu\u00e9 aujourd&rsquo;hui ?<\/h3>\n<p>Nous ne fermerons plus nos gueules pour prot\u00e9ger qui que ce soit. La coupe est pleine pour ne pas dire qu&rsquo;elle d\u00e9borde !<br \/>\n<strong>Chez les f\u00e9ministes\/queers, dans les institutions culturelles, aupr\u00e8s de nos amiEs, et m\u00eame de nos alli\u00e9Es politiques ; se faire usurper nos histoires, nos identit\u00e9s, nos images, nos cultures et NOS VIES&#8230;<\/strong>deviennent \u00ab\u00a0monnaie courante\u00a0\u00bb et qu&rsquo;importe les raisons. Soit vous le fa\u00eetes en laissant la place, soit vous arr\u00eatez d&rsquo;exploiter nos vies !<\/p>\n<p style=\"text-align: center\"><strong>Total soutien \u00e0 Zina Lekkat !<\/strong><\/p>\n","protected":false},"excerpt":{"rendered":"<p>Un coup de gueule de plus contre l&rsquo;hypocrisie des rouages culturels La Belle Ouvrage, festival Cin\u00e9-Travail, Cin\u00e9ma Utopia Borderouge, \u00e0 Toulouse, \u00e9dition 2026. &nbsp; Vendredi 1er mai 2026 : jour o\u00f9 nous c\u00e9l\u00e9brons la lutte des travailleur.euse.s. Nous \u00e9crivons pour dire notre sid\u00e9ration et notre col\u00e8re. Aujourd&rsquo;hui encore, m\u00eame quand nous travaillons \u00ab\u00a0dur\u00a0\u00bb, m\u00eame quand [&hellip;]<\/p>\n","protected":false},"author":8752,"featured_media":0,"comment_status":"open","ping_status":"closed","sticky":false,"template":"","format":"standard","meta":{"footnotes":""},"categories":[10],"tags":[],"class_list":["post-3184","post","type-post","status-publish","format-standard","hentry","category-prevention"],"_links":{"self":[{"href":"https:\/\/tardigrada.noblogs.org\/index.php?rest_route=\/wp\/v2\/posts\/3184","targetHints":{"allow":["GET"]}}],"collection":[{"href":"https:\/\/tardigrada.noblogs.org\/index.php?rest_route=\/wp\/v2\/posts"}],"about":[{"href":"https:\/\/tardigrada.noblogs.org\/index.php?rest_route=\/wp\/v2\/types\/post"}],"author":[{"embeddable":true,"href":"https:\/\/tardigrada.noblogs.org\/index.php?rest_route=\/wp\/v2\/users\/8752"}],"replies":[{"embeddable":true,"href":"https:\/\/tardigrada.noblogs.org\/index.php?rest_route=%2Fwp%2Fv2%2Fcomments&post=3184"}],"version-history":[{"count":1,"href":"https:\/\/tardigrada.noblogs.org\/index.php?rest_route=\/wp\/v2\/posts\/3184\/revisions"}],"predecessor-version":[{"id":3185,"href":"https:\/\/tardigrada.noblogs.org\/index.php?rest_route=\/wp\/v2\/posts\/3184\/revisions\/3185"}],"wp:attachment":[{"href":"https:\/\/tardigrada.noblogs.org\/index.php?rest_route=%2Fwp%2Fv2%2Fmedia&parent=3184"}],"wp:term":[{"taxonomy":"category","embeddable":true,"href":"https:\/\/tardigrada.noblogs.org\/index.php?rest_route=%2Fwp%2Fv2%2Fcategories&post=3184"},{"taxonomy":"post_tag","embeddable":true,"href":"https:\/\/tardigrada.noblogs.org\/index.php?rest_route=%2Fwp%2Fv2%2Ftags&post=3184"}],"curies":[{"name":"wp","href":"https:\/\/api.w.org\/{rel}","templated":true}]}}