{"id":30,"date":"2013-12-26T19:37:54","date_gmt":"2013-12-26T18:37:54","guid":{"rendered":"http:\/\/tardigrada.noblogs.org\/?p=30"},"modified":"2014-09-08T00:52:48","modified_gmt":"2014-09-07T22:52:48","slug":"reaction-du-planning-familial","status":"publish","type":"post","link":"https:\/\/tardigrada.noblogs.org\/?p=30","title":{"rendered":"REACTION DU PLANNING FAMILIAL"},"content":{"rendered":"<div class=\"bloc-text\"><a class=\"meta\" title=\"ob_179181_index.jpeg\" href=\"http:\/\/img.over-blog-kiwi.com\/0\/54\/15\/26\/ob_179181_index.jpeg\" target=\"_blank\" rel=\"fancybox\"><img decoding=\"async\" class=\"ob-media ob-img\" src=\"http:\/\/img.over-blog-kiwi.com\/300x300\/0\/54\/15\/26\/ob_179181_index.jpeg\" alt=\"REACTION DU PLANNING FAMILIAL\" \/> <\/a><\/p>\n<div class=\"ob-section ob-section-text\">\n<div class=\"ob-text\">\n<p style=\"text-align: justify\">communiqu\u00e9 de presse du 23 d\u00e9cembre 2013<\/p>\n<p style=\"text-align: justify\">\n<strong>R\u00e9gression catastrophique pour les droits des femmes en Espagne :<\/strong><br \/>\n<strong>Une fin d\u2019ann\u00e9e 2013 marqu\u00e9e par l\u2019obscurantisme en Europe !<\/strong><br \/>\nLe gouvernement espagnol Rajoy vient d\u2019annuler ce vendredi 20 d\u00e9cembre la loi autorisant l\u2019avortement, sous<br \/>\ncouvert d\u2019une loi organique de \u00ab protection de la vie et des droits de la femme enceinte \u00bb. Pour rassurer sa base<br \/>\n\u00e9lectorale et consolider sa position de fervent d\u00e9fenseur des valeurs traditionalistes et fondamentalistes religieuses,<br \/>\nil fait ainsi passer au second plan les probl\u00e8mes \u00e9conomiques qui touchent de plein fouet les espagnolEs<br \/>\nAu m\u00e9pris des recommandations des textes internationaux de l\u2019OMS et ONU, le conseil des ministres espagnol est revenu sur une avanc\u00e9e majeure pour les femmes : la loi de 2010 qui l\u00e9galisait l\u2019avortement jusqu\u2019\u00e0 14 semaines de grossesse &#8211; 22 pour raison m\u00e9dicale -.<br \/>\nIl subordonne le choix des femmes au contr\u00f4le m\u00e9dical et social puisque cette proposition de loi pr\u00e9voit l\u2019autorisation d\u2019avorter dans 3 cas tr\u00e8s pr\u00e9cis\u00e9ment encadr\u00e9s :<br \/>\n1. Grave danger encouru par la femme pour sa vie ou sa sant\u00e9 physique ou psychologique : le texte impose que le diagnostic soit \u00e9mis par deux m\u00e9decins diff\u00e9rents et \u00e9trangers \u00e0 l&rsquo;\u00e9tablissement pratiquant l&rsquo;avortement.<br \/>\n2. Viol, \u00e0 la condition est qu\u2019elle ait d\u00e9pos\u00e9 plainte.<br \/>\n3. Malformation f\u0153tale, sous r\u00e9serve de deux rapports m\u00e9dicaux &#8211; l&rsquo;un sur la m\u00e8re et l&rsquo;autre sur le f\u0153tus, qui confirmeront le motif d&rsquo;interruption de grossesse.<br \/>\nAutre recul : les personnes mineures devront avoir obligatoirement l&rsquo;autorisation de leurs parents pour interrompre une grossesse non voulue.<br \/>\nEn renouant avec des pratiques d\u00e9niant la libert\u00e9 de choix, c\u2019est le m\u00e9pris des droits humains fondamentaux des femmes et des couples \u00e0 maitriser leur f\u00e9condit\u00e9 et \u00e0 d\u00e9cider de leur vie que le gouvernement espagnol vient de signer. Il annonce clairement son projet de soci\u00e9t\u00e9 : maintenir les femmes dans un statut social \u00e9troit et de soumission !<br \/>\nApr\u00e8s l\u2019offensive des opposants aux droits des femmes contre le rapport Estrela, rejet\u00e9 le 10 d\u00e9cembre dernier au Parlement europ\u00e9en, cette d\u00e9marche du gouvernement espagnol vient s\u2019inscrire dans le mouvement europ\u00e9en r\u00e9actionnaire et conservateur qui n\u2019a toujours pas accept\u00e9 le droit des femmes \u00e0 de disposer de leur corps, et les consid\u00e8re comme des sous citoyennes incapables de d\u00e9cider par elles-m\u00eames. Le combat des forces d\u00e9mocratiques et associatives espagnoles pour ce droit fondamental est le n\u00f4tre, et nous le soutiendrons ici et ailleurs, car il est le combat est celui de celles et ceux qui veulent l\u2019\u00e9galit\u00e9 entre les femmes et les hommes.<\/p>\n<p style=\"text-align: justify\">\nContact presse : Christine Mauget 06.71.39.44.87 \/ Daniele GAUDRY 06.60.95.50.77<br \/>\n4, Square St Ir\u00e9n\u00e9e F75011 Paris Tel +33 (0)1 48 07 29 10 Fax +33(1) 47 00 79 77 www.planning-familial.org<\/p>\n<\/div>\n<\/div>\n<div class=\"ob-section ob-section-link\">\n<div class=\"ob-ctn\">\n<pre><a class=\"ob-link\" href=\"http:\/\/www.planning-familial.org\/\" target=\"_blank\">http:\/\/www.planning-familial.org\/<\/a><\/pre>\n<\/div>\n<\/div>\n<\/div>\n","protected":false},"excerpt":{"rendered":"<p>communiqu\u00e9 de presse du 23 d\u00e9cembre 2013 R\u00e9gression catastrophique pour les droits des femmes en Espagne : Une fin d\u2019ann\u00e9e 2013 marqu\u00e9e par l\u2019obscurantisme en Europe ! Le gouvernement espagnol Rajoy vient d\u2019annuler ce vendredi 20 d\u00e9cembre la loi autorisant l\u2019avortement, sous couvert d\u2019une loi organique de \u00ab protection de la vie et des droits [&hellip;]<\/p>\n","protected":false},"author":8752,"featured_media":0,"comment_status":"open","ping_status":"closed","sticky":false,"template":"","format":"standard","meta":{"footnotes":""},"categories":[4,9,3],"tags":[],"class_list":["post-30","post","type-post","status-publish","format-standard","hentry","category-avortement-contraception","category-gynecologie","category-nouvelles-lois"],"_links":{"self":[{"href":"https:\/\/tardigrada.noblogs.org\/index.php?rest_route=\/wp\/v2\/posts\/30","targetHints":{"allow":["GET"]}}],"collection":[{"href":"https:\/\/tardigrada.noblogs.org\/index.php?rest_route=\/wp\/v2\/posts"}],"about":[{"href":"https:\/\/tardigrada.noblogs.org\/index.php?rest_route=\/wp\/v2\/types\/post"}],"author":[{"embeddable":true,"href":"https:\/\/tardigrada.noblogs.org\/index.php?rest_route=\/wp\/v2\/users\/8752"}],"replies":[{"embeddable":true,"href":"https:\/\/tardigrada.noblogs.org\/index.php?rest_route=%2Fwp%2Fv2%2Fcomments&post=30"}],"version-history":[{"count":3,"href":"https:\/\/tardigrada.noblogs.org\/index.php?rest_route=\/wp\/v2\/posts\/30\/revisions"}],"predecessor-version":[{"id":89,"href":"https:\/\/tardigrada.noblogs.org\/index.php?rest_route=\/wp\/v2\/posts\/30\/revisions\/89"}],"wp:attachment":[{"href":"https:\/\/tardigrada.noblogs.org\/index.php?rest_route=%2Fwp%2Fv2%2Fmedia&parent=30"}],"wp:term":[{"taxonomy":"category","embeddable":true,"href":"https:\/\/tardigrada.noblogs.org\/index.php?rest_route=%2Fwp%2Fv2%2Fcategories&post=30"},{"taxonomy":"post_tag","embeddable":true,"href":"https:\/\/tardigrada.noblogs.org\/index.php?rest_route=%2Fwp%2Fv2%2Ftags&post=30"}],"curies":[{"name":"wp","href":"https:\/\/api.w.org\/{rel}","templated":true}]}}