{"id":2982,"date":"2025-09-20T20:27:52","date_gmt":"2025-09-20T18:27:52","guid":{"rendered":"https:\/\/tardigrada.noblogs.org\/?p=2982"},"modified":"2025-09-20T21:54:55","modified_gmt":"2025-09-20T19:54:55","slug":"a-la-buerie-jeudi-30-octobre-18h30-matriochka-spectacle-de-rue","status":"publish","type":"post","link":"https:\/\/tardigrada.noblogs.org\/?p=2982","title":{"rendered":"\u00c0 LA BUERIE JEUDI 30 OCTOBRE 18H30 &#8211; MATRIOCHKA &#8211; Spectacle au Jardin"},"content":{"rendered":"<div id=\"comp-k2rxnbkk\" class=\"Z_l5lU MMl86N zQ9jDz qvSjx3 Vq6kJx comp-k2rxnbkk wixui-rich-text\" data-testid=\"richTextElement\">\n<h1 class=\"font_0 wixui-rich-text__text\"><span class=\"wixui-rich-text__text\"><span class=\"color_42 wixui-rich-text__text\"><img loading=\"lazy\" decoding=\"async\" class=\"alignright size-full wp-image-2983\" src=\"https:\/\/tardigrada.noblogs.org\/files\/2025\/09\/Cie-Caravanes-Matriochka-Sophie-Lefevre.jpeg\" alt=\"\" width=\"1280\" height=\"853\" srcset=\"https:\/\/tardigrada.noblogs.org\/files\/2025\/09\/Cie-Caravanes-Matriochka-Sophie-Lefevre.jpeg 1280w, https:\/\/tardigrada.noblogs.org\/files\/2025\/09\/Cie-Caravanes-Matriochka-Sophie-Lefevre-300x200.jpeg 300w, https:\/\/tardigrada.noblogs.org\/files\/2025\/09\/Cie-Caravanes-Matriochka-Sophie-Lefevre-1024x682.jpeg 1024w, https:\/\/tardigrada.noblogs.org\/files\/2025\/09\/Cie-Caravanes-Matriochka-Sophie-Lefevre-768x512.jpeg 768w\" sizes=\"auto, (max-width: 1280px) 100vw, 1280px\" \/><\/span><\/span><\/h1>\n<h1><\/h1>\n<h1><\/h1>\n<h1><\/h1>\n<h1 class=\"font_0 wixui-rich-text__text\"><span class=\"wixui-rich-text__text\"><span class=\"color_42 wixui-rich-text__text\">Matriochka<\/span><\/span><\/h1>\n<\/div>\n<div id=\"comp-k2rxnbku\" class=\"Z_l5lU ku3DBC zQ9jDz qvSjx3 Vq6kJx comp-k2rxnbku wixui-rich-text\" data-testid=\"richTextElement\">\n<p class=\"font_8 wixui-rich-text__text\"><span class=\"wixui-rich-text__text\"><span class=\"color_43 wixui-rich-text__text\">Petite forme d&rsquo;ext\u00e9rieur auto-port\u00e9e pour une femme et ses marionnettes<\/span><\/span><\/p>\n<\/div>\n<div id=\"comp-k2rxnbl4\" class=\"Z_l5lU MMl86N zQ9jDz qvSjx3 Vq6kJx comp-k2rxnbl4 wixui-rich-text\" data-testid=\"richTextElement\">\n<p class=\"font_8 wixui-rich-text__text\"><span class=\"wixui-rich-text__text\">Harnach\u00e9e de cordages, une femme seule erre dans la rue, elle va se poser un moment cherchant \u00e0 se d\u00e9nouer.\u00a0<\/span><\/p>\n<p class=\"font_8 wixui-rich-text__text\"><span class=\"wixui-rich-text__text\">Valises ouvertes d\u00e9couvrant le pass\u00e9, elle chantera sa qu\u00eate d\u2019identit\u00e9\u00a0\u2026<\/span><\/p>\n<p class=\"font_8 wixui-rich-text__text\"><span class=\"wixui-rich-text__text\">\u00ab\u00a0Tout est n\u00e9 d&rsquo;une \u00e9tude en embryologie, une r\u00e9v\u00e9lation : les petites filles dans le ventre de leur m\u00e8re ont d\u00e9j\u00e0 l&rsquo;ensemble de leurs ovaires. Les femmes naissent donc avec l&rsquo;ovaire qui formera leur fille si le cas se pr\u00e9sente. L&rsquo;oeuf qui m&rsquo;a constitu\u00e9 \u00e9tait dans le ventre de ma m\u00e8re quand elle \u00e9tait dans celui de ma grand-m\u00e8re. Une partie de mes cellules \u00e9taient dans le ventre de mon a\u00efeul maternel.. Matriochka, ce petit jeu slave pour enfant raconte cette d\u00e9couverte. Ce que j&rsquo;aimerais interroger \u00e0 travers cette cr\u00e9ation c&rsquo;est la r\u00e9v\u00e9lation de la personne, du \u00ab Je suis \u00bb humain au milieu de l&rsquo;ombre form\u00e9e par les couches h\u00e9r\u00e9ditaires, les m\u00e9moires. Inspir\u00e9e par les tableaux de Georges De La Tour o\u00f9 le clair-obscur est remarquablement repr\u00e9sent\u00e9, je cherche \u00e0 faire appara\u00eetre la beaut\u00e9 de l&rsquo;humanit\u00e9 au milieu des n\u0153uds nous reliant au pass\u00e9\u2026\u00a0\u00bb<\/span><\/p>\n<p class=\"font_8 wixui-rich-text__text\"><span class=\"color_42 wixui-rich-text__text\"><span class=\"wixui-rich-text__text\"><br \/>\n<img loading=\"lazy\" decoding=\"async\" class=\"wp-image-2985 size-full aligncenter\" src=\"https:\/\/tardigrada.noblogs.org\/files\/2025\/09\/Matriochka.avif\" alt=\"\" width=\"313\" height=\"464\" srcset=\"https:\/\/tardigrada.noblogs.org\/files\/2025\/09\/Matriochka.avif 313w, https:\/\/tardigrada.noblogs.org\/files\/2025\/09\/Matriochka-202x300.jpg 202w\" sizes=\"auto, (max-width: 313px) 100vw, 313px\" \/><\/span><\/span><\/p>\n<\/div>\n<div id=\"comp-k2rxnble\" class=\"Z_l5lU ku3DBC zQ9jDz qvSjx3 Vq6kJx comp-k2rxnble wixui-rich-text\" data-testid=\"richTextElement\">\n<div id=\"comp-k2rxnbl4\" class=\"Z_l5lU MMl86N zQ9jDz qvSjx3 Vq6kJx comp-k2rxnbl4 wixui-rich-text\" data-testid=\"richTextElement\">\n<p class=\"font_8 wixui-rich-text__text\"><span class=\"color_42 wixui-rich-text__text\"><span class=\"wixui-rich-text__text\">Versions franco-polonaise, franco-tch\u00e8que et franco-allemande disponibles<\/span><\/span><\/p>\n<\/div>\n<p class=\"font_8 wixui-rich-text__text\"><span class=\"color_42 wixui-rich-text__text\"><span class=\"wixui-rich-text__text\">Tourn\u00e9e internationale 2023 : Pologne, R\u00e9publique Tch\u00e8que, Allemagne<\/span><\/span><\/p>\n<p class=\"font_8 wixui-rich-text__text\"><a href=\"https:\/\/www.compagniecaravanes-grandest.fr\/matriochka\u200b\"><span class=\"wixui-rich-text__text\">https:\/\/www.compagniecaravanes-grandest.fr\/matriochka\u200b<\/span><\/a><\/p>\n<p>&nbsp;<\/p>\n<p class=\"font_8 wixui-rich-text__text\"><span class=\"wixui-rich-text__text\">Jeu, chant et cr\u00e9ation : C\u00e9line Laurent<\/span><\/p>\n<p class=\"font_8 wixui-rich-text__text\"><span class=\"wixui-rich-text__text\">Regard ext\u00e9rieur : Emilie Katona et Micha\u00ebl Monnin<\/span><\/p>\n<p class=\"font_8 wixui-rich-text__text\"><span class=\"wixui-rich-text__text\">Direction d\u2019acteur : Natalia Wolkowinski<\/span><\/p>\n<p class=\"font_8 wixui-rich-text__text\"><span class=\"wixui-rich-text__text\">Formation \u00e0 la marionnette : Laurie Cannac<\/span><\/p>\n<p class=\"font_8 wixui-rich-text__text\"><span class=\"wixui-rich-text__text\">Costume : Sophie Palin et Delphine Delavallade<\/span><\/p>\n<p class=\"font_8 wixui-rich-text__text\"><span class=\"wixui-rich-text__text\">Construction de d\u00e9cor : Jean Bergeron<\/span><\/p>\n<p class=\"font_8 wixui-rich-text__text\">\n<\/div>\n","protected":false},"excerpt":{"rendered":"<p>Matriochka Petite forme d&rsquo;ext\u00e9rieur auto-port\u00e9e pour une femme et ses marionnettes Harnach\u00e9e de cordages, une femme seule erre dans la rue, elle va se poser un moment cherchant \u00e0 se d\u00e9nouer.\u00a0 Valises ouvertes d\u00e9couvrant le pass\u00e9, elle chantera sa qu\u00eate d\u2019identit\u00e9\u00a0\u2026 \u00ab\u00a0Tout est n\u00e9 d&rsquo;une \u00e9tude en embryologie, une r\u00e9v\u00e9lation : les petites filles dans [&hellip;]<\/p>\n","protected":false},"author":8752,"featured_media":0,"comment_status":"open","ping_status":"closed","sticky":false,"template":"","format":"standard","meta":{"footnotes":""},"categories":[17],"tags":[],"class_list":["post-2982","post","type-post","status-publish","format-standard","hentry","category-rdv"],"_links":{"self":[{"href":"https:\/\/tardigrada.noblogs.org\/index.php?rest_route=\/wp\/v2\/posts\/2982","targetHints":{"allow":["GET"]}}],"collection":[{"href":"https:\/\/tardigrada.noblogs.org\/index.php?rest_route=\/wp\/v2\/posts"}],"about":[{"href":"https:\/\/tardigrada.noblogs.org\/index.php?rest_route=\/wp\/v2\/types\/post"}],"author":[{"embeddable":true,"href":"https:\/\/tardigrada.noblogs.org\/index.php?rest_route=\/wp\/v2\/users\/8752"}],"replies":[{"embeddable":true,"href":"https:\/\/tardigrada.noblogs.org\/index.php?rest_route=%2Fwp%2Fv2%2Fcomments&post=2982"}],"version-history":[{"count":4,"href":"https:\/\/tardigrada.noblogs.org\/index.php?rest_route=\/wp\/v2\/posts\/2982\/revisions"}],"predecessor-version":[{"id":2989,"href":"https:\/\/tardigrada.noblogs.org\/index.php?rest_route=\/wp\/v2\/posts\/2982\/revisions\/2989"}],"wp:attachment":[{"href":"https:\/\/tardigrada.noblogs.org\/index.php?rest_route=%2Fwp%2Fv2%2Fmedia&parent=2982"}],"wp:term":[{"taxonomy":"category","embeddable":true,"href":"https:\/\/tardigrada.noblogs.org\/index.php?rest_route=%2Fwp%2Fv2%2Fcategories&post=2982"},{"taxonomy":"post_tag","embeddable":true,"href":"https:\/\/tardigrada.noblogs.org\/index.php?rest_route=%2Fwp%2Fv2%2Ftags&post=2982"}],"curies":[{"name":"wp","href":"https:\/\/api.w.org\/{rel}","templated":true}]}}