{"id":2764,"date":"2024-06-16T11:21:15","date_gmt":"2024-06-16T09:21:15","guid":{"rendered":"https:\/\/tardigrada.noblogs.org\/?p=2764"},"modified":"2025-06-16T10:15:11","modified_gmt":"2025-06-16T08:15:11","slug":"une-playlist-contre-le-fascisme","status":"publish","type":"post","link":"https:\/\/tardigrada.noblogs.org\/?p=2764","title":{"rendered":"UNE PLAYLIST CONTRE LE FASCISME"},"content":{"rendered":"<p><a href=\"https:\/\/radiorageuses.net\/spip.php?article1684\">https:\/\/radiorageuses.net\/spip.php?article1684\u00a0<\/a> <img loading=\"lazy\" decoding=\"async\" class=\"wp-image-2784 size-medium aligncenter\" src=\"https:\/\/tardigrada.noblogs.org\/files\/2024\/10\/antifa-300x201.jpg\" alt=\"\" width=\"300\" height=\"201\" srcset=\"https:\/\/tardigrada.noblogs.org\/files\/2024\/10\/antifa-300x201.jpg 300w, https:\/\/tardigrada.noblogs.org\/files\/2024\/10\/antifa.jpg 474w\" sizes=\"auto, (max-width: 300px) 100vw, 300px\" \/><\/p>\n<p>Historiquement le fascisme est un syst\u00e8me politique \u00e9tablit par B.Mussolini en 1922, qui associe populisme, nationalisme et totalitarisme au nom d\u2019un id\u00e9al collectif supr\u00eame.<br class=\"autobr\" \/>Le N\u00e9o-fascisme port\u00e9 par les partis politique d\u2019extr\u00eame droite a pour unique diff\u00e9rence d\u2019\u00eatre \u201cmodernis\u00e9\u201d avec un vernis d\u00e9mocratique pour plaire \u00e0 l\u2019\u00e9lectorat actuel.<br class=\"autobr\" \/>L\u2019Etat fran\u00e7ais, raciste et colonialiste, dirig\u00e9 par un gouvernement qui n\u2019est pas \u00e0 proprement parl\u00e9 d\u2019extr\u00eame droite, d\u00e9roule cependant tous les jours un tapis d\u2019influences grandissantes et de nombreux points communs aux projets fascistes de l\u2019\u00e9poque.<br class=\"autobr\" \/>A Micro F\u00e9roce, nous ne brandissons aucun drapeau mais nous rejoignons du plus profond de nos tripes la lutte antifasciste.<br class=\"autobr\" \/>Nous croyons en l\u2019importance de cr\u00e9er un front antifasciste ancr\u00e9 dans l\u2019actualit\u00e9, qui est transf\u00e9ministe et queer et ainsi plus inclusif que les milieux dit \u201cantifa\u201d traditionnels.<br class=\"autobr\" \/>Nous nous r\u00e9approprions volontiers le slogan \u201cSiamo tuttX antifascistX\u201d non pas comme un simple d\u00e9corum militant mais bien comme un cri de ralliement et de lutte pour organiser nos r\u00e9sistances f\u00e9ministes, antiracistes, anticolonialistes, internationalistes contre l\u2019extr\u00eame droite et ses discours supr\u00e9matistes qui sont les m\u00eames que ceux des fascistes des ann\u00e9es 30.<br class=\"autobr\" \/>Le massacre qui se d\u00e9roule actuellement en Palestine et au Liban, op\u00e9r\u00e9 par un gouvernement d\u2019extr\u00eame droite isra\u00e9lien nous le rappelle chaque jour.<br class=\"autobr\" \/>Nous n\u2019attendons pas d\u2019\u00eatre au soir des victoires fascistes dans le champ \u00e9lectoral pour commencer \u00e0 organiser nos r\u00e9sistances, alors pour se sentir unies, nombreux.ses et solidaires, ce soir nous vous proposons notre playlist Antifasciste.<br class=\"autobr\" \/>SIAMO TUTTE ANTIFASCISTE<br class=\"autobr\" \/>Bon \u00e9coute<\/p>\n","protected":false},"excerpt":{"rendered":"<p>https:\/\/radiorageuses.net\/spip.php?article1684\u00a0 Historiquement le fascisme est un syst\u00e8me politique \u00e9tablit par B.Mussolini en 1922, qui associe populisme, nationalisme et totalitarisme au nom d\u2019un id\u00e9al collectif supr\u00eame.Le N\u00e9o-fascisme port\u00e9 par les partis politique d\u2019extr\u00eame droite a pour unique diff\u00e9rence d\u2019\u00eatre \u201cmodernis\u00e9\u201d avec un vernis d\u00e9mocratique pour plaire \u00e0 l\u2019\u00e9lectorat actuel.L\u2019Etat fran\u00e7ais, raciste et colonialiste, dirig\u00e9 par un [&hellip;]<\/p>\n","protected":false},"author":8752,"featured_media":0,"comment_status":"open","ping_status":"closed","sticky":false,"template":"","format":"standard","meta":{"footnotes":""},"categories":[8,13,10],"tags":[],"class_list":["post-2764","post","type-post","status-publish","format-standard","hentry","category-genre","category-musique","category-prevention"],"_links":{"self":[{"href":"https:\/\/tardigrada.noblogs.org\/index.php?rest_route=\/wp\/v2\/posts\/2764","targetHints":{"allow":["GET"]}}],"collection":[{"href":"https:\/\/tardigrada.noblogs.org\/index.php?rest_route=\/wp\/v2\/posts"}],"about":[{"href":"https:\/\/tardigrada.noblogs.org\/index.php?rest_route=\/wp\/v2\/types\/post"}],"author":[{"embeddable":true,"href":"https:\/\/tardigrada.noblogs.org\/index.php?rest_route=\/wp\/v2\/users\/8752"}],"replies":[{"embeddable":true,"href":"https:\/\/tardigrada.noblogs.org\/index.php?rest_route=%2Fwp%2Fv2%2Fcomments&post=2764"}],"version-history":[{"count":5,"href":"https:\/\/tardigrada.noblogs.org\/index.php?rest_route=\/wp\/v2\/posts\/2764\/revisions"}],"predecessor-version":[{"id":2787,"href":"https:\/\/tardigrada.noblogs.org\/index.php?rest_route=\/wp\/v2\/posts\/2764\/revisions\/2787"}],"wp:attachment":[{"href":"https:\/\/tardigrada.noblogs.org\/index.php?rest_route=%2Fwp%2Fv2%2Fmedia&parent=2764"}],"wp:term":[{"taxonomy":"category","embeddable":true,"href":"https:\/\/tardigrada.noblogs.org\/index.php?rest_route=%2Fwp%2Fv2%2Fcategories&post=2764"},{"taxonomy":"post_tag","embeddable":true,"href":"https:\/\/tardigrada.noblogs.org\/index.php?rest_route=%2Fwp%2Fv2%2Ftags&post=2764"}],"curies":[{"name":"wp","href":"https:\/\/api.w.org\/{rel}","templated":true}]}}