{"id":2709,"date":"2024-07-31T12:17:28","date_gmt":"2024-07-31T10:17:28","guid":{"rendered":"https:\/\/tardigrada.noblogs.org\/?p=2709"},"modified":"2024-07-31T13:55:15","modified_gmt":"2024-07-31T11:55:15","slug":"spectacle-de-fin-de-creation-en-cours-dun-duo-chant-sarde-et-danse-jeudi-22-aout-20h-a-la-buerie","status":"publish","type":"post","link":"https:\/\/tardigrada.noblogs.org\/?p=2709","title":{"rendered":"Cr\u00e9ation en cours &#8211; Duo chant sarde et danse &#8211; Jeudi 22 Aout &#8211; 20h &#8211; \u00e0 La Buerie"},"content":{"rendered":"<h2>Chant sarde et Geste sonore par Soledad Zarka et Rita Piga<\/h2>\n<p>au chapeau<\/p>\n<p>Bar et Cantine sur place.<\/p>\n<p>&#8212;&#8212;&#8212;&#8212;&#8212;&#8212;&#8212;&#8212;&#8212;&#8212;&#8212;&#8212;&#8212;&#8212;&#8212;&#8212;&#8212;&#8212;&#8212;&#8212;&#8212;&#8212;&#8212;&#8212;&#8212;&#8212;&#8212;&#8211;<\/p>\n<h4>SAMEDI 24 toute la journ\u00e9e,<\/h4>\n<p>Elles nous proposent un atelier chants italiens ici m\u00eame \u00e0 La Buerie.<\/p>\n<p>RDV 9h30 pour le caf\u00e9 . 10h debut de l&rsquo;atelier<\/p>\n<p>Repas partag\u00e9 le midi<\/p>\n<p>Ouvert \u00e0 toustes et gratuit<\/p>\n<p>Merci de covoiturer au max et de venir sans chien<\/p>\n","protected":false},"excerpt":{"rendered":"<p>Chant sarde et Geste sonore par Soledad Zarka et Rita Piga au chapeau Bar et Cantine sur place. &#8212;&#8212;&#8212;&#8212;&#8212;&#8212;&#8212;&#8212;&#8212;&#8212;&#8212;&#8212;&#8212;&#8212;&#8212;&#8212;&#8212;&#8212;&#8212;&#8212;&#8212;&#8212;&#8212;&#8212;&#8212;&#8212;&#8212;&#8211; SAMEDI 24 toute la journ\u00e9e, Elles nous proposent un atelier chants italiens ici m\u00eame \u00e0 La Buerie. RDV 9h30 pour le caf\u00e9 . 10h debut de l&rsquo;atelier Repas partag\u00e9 le midi Ouvert \u00e0 toustes et gratuit [&hellip;]<\/p>\n","protected":false},"author":8752,"featured_media":0,"comment_status":"open","ping_status":"closed","sticky":false,"template":"","format":"standard","meta":{"footnotes":""},"categories":[10],"tags":[],"class_list":["post-2709","post","type-post","status-publish","format-standard","hentry","category-prevention"],"_links":{"self":[{"href":"https:\/\/tardigrada.noblogs.org\/index.php?rest_route=\/wp\/v2\/posts\/2709","targetHints":{"allow":["GET"]}}],"collection":[{"href":"https:\/\/tardigrada.noblogs.org\/index.php?rest_route=\/wp\/v2\/posts"}],"about":[{"href":"https:\/\/tardigrada.noblogs.org\/index.php?rest_route=\/wp\/v2\/types\/post"}],"author":[{"embeddable":true,"href":"https:\/\/tardigrada.noblogs.org\/index.php?rest_route=\/wp\/v2\/users\/8752"}],"replies":[{"embeddable":true,"href":"https:\/\/tardigrada.noblogs.org\/index.php?rest_route=%2Fwp%2Fv2%2Fcomments&post=2709"}],"version-history":[{"count":2,"href":"https:\/\/tardigrada.noblogs.org\/index.php?rest_route=\/wp\/v2\/posts\/2709\/revisions"}],"predecessor-version":[{"id":2713,"href":"https:\/\/tardigrada.noblogs.org\/index.php?rest_route=\/wp\/v2\/posts\/2709\/revisions\/2713"}],"wp:attachment":[{"href":"https:\/\/tardigrada.noblogs.org\/index.php?rest_route=%2Fwp%2Fv2%2Fmedia&parent=2709"}],"wp:term":[{"taxonomy":"category","embeddable":true,"href":"https:\/\/tardigrada.noblogs.org\/index.php?rest_route=%2Fwp%2Fv2%2Fcategories&post=2709"},{"taxonomy":"post_tag","embeddable":true,"href":"https:\/\/tardigrada.noblogs.org\/index.php?rest_route=%2Fwp%2Fv2%2Ftags&post=2709"}],"curies":[{"name":"wp","href":"https:\/\/api.w.org\/{rel}","templated":true}]}}