{"id":27,"date":"2013-12-07T19:35:42","date_gmt":"2013-12-07T18:35:42","guid":{"rendered":"http:\/\/tardigrada.noblogs.org\/?p=27"},"modified":"2014-09-10T14:13:25","modified_gmt":"2014-09-10T12:13:25","slug":"mon-sexe-nest-pas-mon-genre","status":"publish","type":"post","link":"https:\/\/tardigrada.noblogs.org\/?p=27","title":{"rendered":"MON SEXE N&rsquo;EST PAS MON GENRE"},"content":{"rendered":"<div class=\"bloc-text\">\n<div class=\"ob-section ob-section-text\">\n<div class=\"ob-text\">\n<p>Le 10 d\u00e9cembre 2013, le Rapport Estrela* sur la sant\u00e9 et les droits sexuels et reproductifs a \u00e9t\u00e9 rejet\u00e9 par les d\u00e9put\u00e9-e-s europ\u00e9ens suite, notamment, \u00e0 du lobbying intensif de mouvements anti-f\u00e9ministes et contre l&rsquo;avortement. Vendredi dernier, le gouvernement espagnol a pr\u00e9sent\u00e9 une loi visant \u00e0 interdire le droit \u00e0 l&rsquo;avortement sauf en cas de : \u00ab &#8211; grave danger encouru par la femme pour sa vie ou sa sant\u00e9 physique ou psychologique : le texte impose que le diagnostic soit \u00e9mis par deux m\u00e9decins diff\u00e9rents et \u00e9trangers \u00e0 l&rsquo;\u00e9tablissement pratiquant l&rsquo;avortement, &#8211; viol, \u00e0 la condition qu\u2019elle ait d\u00e9pos\u00e9 plainte, &#8211; malformation f\u0153tale, sous r\u00e9serve de deux rapports m\u00e9dicaux &#8211; l&rsquo;un sur la m\u00e8re et l&rsquo;autre sur le f\u0153tus, qui confirmeront le motif d&rsquo;interruption de grossesse \u00bb. Dans ce contexte de remise en question du droit \u00e0 disposer de nos corps et d&rsquo;une diffusion massive de discours anti \u00ab th\u00e9orie du genre \u00bb, incluant des positions anti-avortement, anti-mariage homo, transphobe etc., il est important pour de nombreuses personnes de r\u00e9agir pour d\u00e9fendre le droit \u00e0 disposer de nos corps, visibiliser nos analyses et positions politiques, et afficher notre solidarit\u00e9 avec les f\u00e9ministes espagnoles. Allez voir le planning planning familial de votre ville, vous trouverez les infos pour vous rendre \u00e0 un rdv voire pour aider \u00e0 l&rsquo;organiser&#8230; *Voir le rapport Estrela qui concerne entre autres le droit \u00e0 la contraception et \u00e0 l&rsquo;avortement, l&rsquo;\u00e9ducation sexuelle et reproductive, les violences li\u00e9es au droit sexuel et reproductif : ci-dessous<\/p>\n<pre><a class=\"ob-link\" href=\"http:\/\/www.europarl.europa.eu\/sides\/getDoc.do?pubRef=-\/\/EP\/\/TEXT+REPORT+A7-2013-0306+0+DOC+XML+V0\/\/FR\" target=\"_blank\">RAPPORT sur la sant\u00e9 et les droits sexuels et g\u00e9n\u00e9siques - A7-0306\/2013<\/a>\r\n\r\n\r\nC. consid\u00e9rant que la sant\u00e9 et les droits sexuels et g\u00e9n\u00e9siques (SDSG) \r\nconcernent chaque \u00eatre humain \u00e0 toutes les \u00e9tapes de la vie, \r\net constituent donc une pr\u00e9occupation pour les femmes ...<\/pre>\n<\/div>\n<\/div>\n<div class=\"ob-section ob-section-link\">\n<div class=\"ob-ctn\">\n<p class=\"ob-snippet\">\n<pre><a class=\"ob-link\" href=\"http:\/\/www.europarl.europa.eu\/sides\/getDoc.do?pubRef=-\/\/EP\/\/TEXT+REPORT+A7-2013-0306+0+DOC+XML+V0\/\/FR\" target=\"_blank\">http:\/\/www.europarl.europa.eu\/sides\/getDoc.do?pubRef=-\/\/EP\/\/TEXT+REPORT\r\n+A7-2013-0306+0+DOC+XML+V0\/\/FR\r\n<span style=\"color: #000000\">texte de loi<\/span><\/a><\/pre>\n<\/div>\n<pre><a class=\"ob-link\" href=\"http:\/\/data.over-blog-kiwi.com\/0\/54\/15\/26\/ob_37962e_le-mondep13.pdf\">le mondep13.pdf <\/a>\r\nla th\u00e9orie du genre d\u00e9range des parents...<\/pre>\n<\/div>\n<\/div>\n","protected":false},"excerpt":{"rendered":"<p>Le 10 d\u00e9cembre 2013, le Rapport Estrela* sur la sant\u00e9 et les droits sexuels et reproductifs a \u00e9t\u00e9 rejet\u00e9 par les d\u00e9put\u00e9-e-s europ\u00e9ens suite, notamment, \u00e0 du lobbying intensif de mouvements anti-f\u00e9ministes et contre l&rsquo;avortement. Vendredi dernier, le gouvernement espagnol a pr\u00e9sent\u00e9 une loi visant \u00e0 interdire le droit \u00e0 l&rsquo;avortement sauf en cas de [&hellip;]<\/p>\n","protected":false},"author":8752,"featured_media":0,"comment_status":"open","ping_status":"closed","sticky":false,"template":"","format":"standard","meta":{"footnotes":""},"categories":[8,3],"tags":[],"class_list":["post-27","post","type-post","status-publish","format-standard","hentry","category-genre","category-nouvelles-lois"],"_links":{"self":[{"href":"https:\/\/tardigrada.noblogs.org\/index.php?rest_route=\/wp\/v2\/posts\/27","targetHints":{"allow":["GET"]}}],"collection":[{"href":"https:\/\/tardigrada.noblogs.org\/index.php?rest_route=\/wp\/v2\/posts"}],"about":[{"href":"https:\/\/tardigrada.noblogs.org\/index.php?rest_route=\/wp\/v2\/types\/post"}],"author":[{"embeddable":true,"href":"https:\/\/tardigrada.noblogs.org\/index.php?rest_route=\/wp\/v2\/users\/8752"}],"replies":[{"embeddable":true,"href":"https:\/\/tardigrada.noblogs.org\/index.php?rest_route=%2Fwp%2Fv2%2Fcomments&post=27"}],"version-history":[{"count":4,"href":"https:\/\/tardigrada.noblogs.org\/index.php?rest_route=\/wp\/v2\/posts\/27\/revisions"}],"predecessor-version":[{"id":87,"href":"https:\/\/tardigrada.noblogs.org\/index.php?rest_route=\/wp\/v2\/posts\/27\/revisions\/87"}],"wp:attachment":[{"href":"https:\/\/tardigrada.noblogs.org\/index.php?rest_route=%2Fwp%2Fv2%2Fmedia&parent=27"}],"wp:term":[{"taxonomy":"category","embeddable":true,"href":"https:\/\/tardigrada.noblogs.org\/index.php?rest_route=%2Fwp%2Fv2%2Fcategories&post=27"},{"taxonomy":"post_tag","embeddable":true,"href":"https:\/\/tardigrada.noblogs.org\/index.php?rest_route=%2Fwp%2Fv2%2Ftags&post=27"}],"curies":[{"name":"wp","href":"https:\/\/api.w.org\/{rel}","templated":true}]}}