{"id":2677,"date":"2024-05-27T11:02:21","date_gmt":"2024-05-27T09:02:21","guid":{"rendered":"https:\/\/tardigrada.noblogs.org\/?p=2677"},"modified":"2024-05-27T11:08:39","modified_gmt":"2024-05-27T09:08:39","slug":"prise-de-parole-au-nom-de-sts-a-la-manif-contre-les-lois-transphobes-a-strasbourg-dimanche-26-mai","status":"publish","type":"post","link":"https:\/\/tardigrada.noblogs.org\/?p=2677","title":{"rendered":"Prise de parole au nom de STS* \u00e0 la manif contre les lois transphobes a Strasbourg dimanche 26 mai"},"content":{"rendered":"<p>Je prends la parole au nom de STS \u2013 *Support Transgenre Strasbourg. Cornelia Schneider<\/p>\n<p>Soyons clair-e-s, cette attaque frontale et ouverte contre les droits des personnes transgenres, et contre les Droits Humains tout court, que nous vivons actuellement est une v\u00e9ritable d\u00e9claration de guerre, et elle ne s\u2019arr\u00eatera pas l\u00e0 : comme toujours, les fascistes commencent par s\u2019attaquer aux cat\u00e9gories de personnes qu\u2019ils ont eux-m\u00eames exclues, minoris\u00e9es et opprim\u00e9es pour ensuite s\u2019attaquer \u00e0 la soci\u00e9t\u00e9 tout enti\u00e8re : apr\u00e8s les transgenres mineur-e-s ce sera au tour des transgenres majeur-e-s et aux intersexes, ensuite \u00e0 toutes les personnes LGBTQIA+ et queer, ensuite \u00e0 toutes les femmes, sans oublier bien s\u00fbr les racis\u00e9e-s, les migrant-e-s et les pauvres, et on finira dans pas longtemps l\u00e0 o\u00f9 on en \u00e9tait dans les ann\u00e9es \u201840 du si\u00e8cle dernier : dans un fascisme d\u00e9complex\u00e9 et violent, domin\u00e9 par le cis-h\u00e9t\u00e9ro-patriarcat sexiste, raciste et classiste.<br \/>\nEt ne nous faisons pas d\u2019illusions, ce n\u2019est pas notre gouvernement actuel qui agira contre nos ennemis, bien au contraire : par ses programmes politiques r\u00e9actionnaires \u00e0 r\u00e9p\u00e9tition il encourage justement tous ces fascistes haineux \u00e0 agir impun\u00e9ment et \u00e0 vomir leur haine en continu dans tous les grands media nationaux. Compter sur ce gouvernement cynique pour nous soutenir serait une grave erreur. Mais nous avons d\u2019autres alli\u00e9-e-s.<br \/>\nNous sommes aujourd\u2019hui ici parce que nous sommes en col\u00e8re et d\u00e9termin\u00e9-e-s \u00e0 nous battre, et surtout nous ne sommes pas seul-e-s : nous avons des alli\u00e9-e-s solidaires qui luttent d\u00e9j\u00e0 \u00e0 nos c\u00f4t\u00e9s, et nous en aurons encore plus. Car de plus en plus de gens comprennent que le fascisme est une gangr\u00e8ne qui n\u2019\u00e9pargnera personne en fin de compte, qu\u2019il finit toujours par tout d\u00e9truire sur son chemin. Les f\u00e9ministes intersectionnelles et les antifascistes sont d\u00e9j\u00e0 en train de se joindre \u00e0 nous (merci \u00e0 vous d\u2019\u00eatre l\u00e0 !), et nous devons renforcer et amplifier ce combat solidaire contre nos ennemis communs. Mais la convergence<br \/>\ndes nos luttes ne tombe pas du ciel et ne peut pas se d\u00e9cr\u00e9ter, elle doit se construire horizontalement et dans le consensus de nos convictions pour devenir forte et durable, et chez STS nous pensons que c\u2019est exactement \u00e7a le premier travail politique que nous devons faire maintenant.<br \/>\nAfin que non seulement les personnes transgenre puissent enfin vivre au lieu de juste survivre, mais aussi afin que tout ce syst\u00e8me politique b\u00e2ti sur la division, la haine et l\u2019oppression finisse par s\u2019\u00e9crouler : il faut que la peur change de camp. Le fascisme est totalitaire, opposons-lui notre combat r\u00e9volutionnaire et notre projet d\u2019une soci\u00e9t\u00e9 diff\u00e9rente. Nous n\u2019avons rien \u00e0 perdre et donc tout \u00e0 gagner, allons-y, battons-nous ! Parlons de \u00e7a dans nos assembl\u00e9esg\u00e9n\u00e9rales, d\u00e9cidons, et agissons.<br \/>\nMerci<\/p>\n<p>&nbsp;<\/p>\n","protected":false},"excerpt":{"rendered":"<p>Je prends la parole au nom de STS \u2013 *Support Transgenre Strasbourg. Cornelia Schneider Soyons clair-e-s, cette attaque frontale et ouverte contre les droits des personnes transgenres, et contre les Droits Humains tout court, que nous vivons actuellement est une v\u00e9ritable d\u00e9claration de guerre, et elle ne s\u2019arr\u00eatera pas l\u00e0 : comme toujours, les fascistes [&hellip;]<\/p>\n","protected":false},"author":8752,"featured_media":0,"comment_status":"open","ping_status":"closed","sticky":false,"template":"","format":"standard","meta":{"footnotes":""},"categories":[11,8,3],"tags":[],"class_list":["post-2677","post","type-post","status-publish","format-standard","hentry","category-enfermements","category-genre","category-nouvelles-lois"],"_links":{"self":[{"href":"https:\/\/tardigrada.noblogs.org\/index.php?rest_route=\/wp\/v2\/posts\/2677","targetHints":{"allow":["GET"]}}],"collection":[{"href":"https:\/\/tardigrada.noblogs.org\/index.php?rest_route=\/wp\/v2\/posts"}],"about":[{"href":"https:\/\/tardigrada.noblogs.org\/index.php?rest_route=\/wp\/v2\/types\/post"}],"author":[{"embeddable":true,"href":"https:\/\/tardigrada.noblogs.org\/index.php?rest_route=\/wp\/v2\/users\/8752"}],"replies":[{"embeddable":true,"href":"https:\/\/tardigrada.noblogs.org\/index.php?rest_route=%2Fwp%2Fv2%2Fcomments&post=2677"}],"version-history":[{"count":3,"href":"https:\/\/tardigrada.noblogs.org\/index.php?rest_route=\/wp\/v2\/posts\/2677\/revisions"}],"predecessor-version":[{"id":2681,"href":"https:\/\/tardigrada.noblogs.org\/index.php?rest_route=\/wp\/v2\/posts\/2677\/revisions\/2681"}],"wp:attachment":[{"href":"https:\/\/tardigrada.noblogs.org\/index.php?rest_route=%2Fwp%2Fv2%2Fmedia&parent=2677"}],"wp:term":[{"taxonomy":"category","embeddable":true,"href":"https:\/\/tardigrada.noblogs.org\/index.php?rest_route=%2Fwp%2Fv2%2Fcategories&post=2677"},{"taxonomy":"post_tag","embeddable":true,"href":"https:\/\/tardigrada.noblogs.org\/index.php?rest_route=%2Fwp%2Fv2%2Ftags&post=2677"}],"curies":[{"name":"wp","href":"https:\/\/api.w.org\/{rel}","templated":true}]}}