{"id":2656,"date":"2024-05-15T12:23:28","date_gmt":"2024-05-15T10:23:28","guid":{"rendered":"https:\/\/tardigrada.noblogs.org\/?p=2656"},"modified":"2024-06-04T14:42:00","modified_gmt":"2024-06-04T12:42:00","slug":"lextreme-droite-et-limposture-rurale-dossier-du-groupe-visa-vigilance-et-initiatives-syndicales-antifascites","status":"publish","type":"post","link":"https:\/\/tardigrada.noblogs.org\/?p=2656","title":{"rendered":"L\u2019EXTR\u00caME DROITE ET L\u2019IMPOSTURE RURALE &#8211;  dossier du groupe VISA | Vigilance et Initiatives Syndicales Antifascites"},"content":{"rendered":"<p>Les votes en faveur de l\u2019extr\u00eame droite dans les campagnes et les zones p\u00e9riurbaines ne cessent d\u2019augmenter depuis plusieurs scrutins. \u00c0 l\u2019approche des \u00e9lections europ\u00e9ennes, VISA livre un \u00e9tat des lieux de cette \u00e9volution et propose une piste pour tenter d\u2019enrayer ce cercle vicieux.<br \/>\nLes discours du FN \/ RN sur la ruralit\u00e9 et l\u2019agriculture sont compl\u00e8tement creux, ils ne portent que sur la d\u00e9nonciation de quelques vrais et surtout de faux probl\u00e8mes, sans apporter la moindre solution. Pourtant, en surfant sur les inqui\u00e9tudes r\u00e9elles, et en cr\u00e9ant des peurs irr\u00e9elles, l\u2019extr\u00eame droite continue de s\u00e9duire.<br \/>\nParall\u00e8lement, la crise agricole, en ce d\u00e9but 2024, met en avant la coordination rurale, un syndicat historiquement dirig\u00e9 par des militants d\u2019extr\u00eame droite. Le patron du syndicat dans le Lot-et-Garonne, Serge Bousquet-Cassagne, se vante d&rsquo;\u00eatre pass\u00e9 18 fois en proc\u00e8s en 30 ans.<br \/>\nLe lendemain de l\u2019accueil chahut\u00e9 du pr\u00e9sident Macron \u00e0 l\u2019ouverture du salon de l\u2019agriculture le samedi 24 f\u00e9vrier 2024, notamment par des \u00ab bonnets jaunes \u00bb de la Coordination Rurale, Jordan Bardella t\u00eate de liste du RN arpentait les all\u00e9es du salon.<\/p>\n<p>&nbsp;<\/p>\n<p>Dossier complet ci-dessous :<\/p>\n<p><a href=\"https:\/\/tardigrada.noblogs.org\/files\/2024\/04\/DOSSIER-VISA-13.pdf\">DOSSIER-VISA-13<\/a><\/p>\n","protected":false},"excerpt":{"rendered":"<p>Les votes en faveur de l\u2019extr\u00eame droite dans les campagnes et les zones p\u00e9riurbaines ne cessent d\u2019augmenter depuis plusieurs scrutins. \u00c0 l\u2019approche des \u00e9lections europ\u00e9ennes, VISA livre un \u00e9tat des lieux de cette \u00e9volution et propose une piste pour tenter d\u2019enrayer ce cercle vicieux. Les discours du FN \/ RN sur la ruralit\u00e9 et l\u2019agriculture [&hellip;]<\/p>\n","protected":false},"author":8752,"featured_media":0,"comment_status":"open","ping_status":"closed","sticky":false,"template":"","format":"standard","meta":{"footnotes":""},"categories":[14],"tags":[],"class_list":["post-2656","post","type-post","status-publish","format-standard","hentry","category-lecture"],"_links":{"self":[{"href":"https:\/\/tardigrada.noblogs.org\/index.php?rest_route=\/wp\/v2\/posts\/2656","targetHints":{"allow":["GET"]}}],"collection":[{"href":"https:\/\/tardigrada.noblogs.org\/index.php?rest_route=\/wp\/v2\/posts"}],"about":[{"href":"https:\/\/tardigrada.noblogs.org\/index.php?rest_route=\/wp\/v2\/types\/post"}],"author":[{"embeddable":true,"href":"https:\/\/tardigrada.noblogs.org\/index.php?rest_route=\/wp\/v2\/users\/8752"}],"replies":[{"embeddable":true,"href":"https:\/\/tardigrada.noblogs.org\/index.php?rest_route=%2Fwp%2Fv2%2Fcomments&post=2656"}],"version-history":[{"count":1,"href":"https:\/\/tardigrada.noblogs.org\/index.php?rest_route=\/wp\/v2\/posts\/2656\/revisions"}],"predecessor-version":[{"id":2658,"href":"https:\/\/tardigrada.noblogs.org\/index.php?rest_route=\/wp\/v2\/posts\/2656\/revisions\/2658"}],"wp:attachment":[{"href":"https:\/\/tardigrada.noblogs.org\/index.php?rest_route=%2Fwp%2Fv2%2Fmedia&parent=2656"}],"wp:term":[{"taxonomy":"category","embeddable":true,"href":"https:\/\/tardigrada.noblogs.org\/index.php?rest_route=%2Fwp%2Fv2%2Fcategories&post=2656"},{"taxonomy":"post_tag","embeddable":true,"href":"https:\/\/tardigrada.noblogs.org\/index.php?rest_route=%2Fwp%2Fv2%2Ftags&post=2656"}],"curies":[{"name":"wp","href":"https:\/\/api.w.org\/{rel}","templated":true}]}}