{"id":2600,"date":"2024-03-26T18:59:48","date_gmt":"2024-03-26T17:59:48","guid":{"rendered":"https:\/\/tardigrada.noblogs.org\/?p=2600"},"modified":"2024-04-16T09:33:39","modified_gmt":"2024-04-16T07:33:39","slug":"chroniques-amer","status":"publish","type":"post","link":"https:\/\/tardigrada.noblogs.org\/?p=2600","title":{"rendered":"Chroniques \u00e0MER"},"content":{"rendered":"<blockquote class=\"wp-embedded-content\" data-secret=\"Y8XJqZGa7o\"><p><a href=\"https:\/\/www.jetfm.fr\/vendredi-11-novembre-episode-16-imaginaires-sans-frontieres\/\">Chroniques \u00e0MER<\/a><\/p><\/blockquote>\n<p><iframe loading=\"lazy\" class=\"wp-embedded-content\" sandbox=\"allow-scripts\" security=\"restricted\" style=\"position: absolute; clip: rect(1px, 1px, 1px, 1px);\" title=\"\u00ab\u00a0Chroniques \u00e0MER\u00a0\u00bb &#8212; la radio de Jet\" src=\"https:\/\/www.jetfm.fr\/vendredi-11-novembre-episode-16-imaginaires-sans-frontieres\/embed\/#?secret=6SSvUtdnlS#?secret=Y8XJqZGa7o\" data-secret=\"Y8XJqZGa7o\" width=\"600\" height=\"338\" frameborder=\"0\" marginwidth=\"0\" marginheight=\"0\" scrolling=\"no\"><\/iframe><\/p>\n<p>Chroniques \u00e0 MER, c\u2019est une chronique radio mensuelle en fran\u00e7ais, qui sort la deuxi\u00e8me semaine de chaque mois.<\/p>\n<p>Chroniques \u00e0 MER, c\u2019est une chronique r\u00e9alis\u00e9e par des membres du r\u00e9seau AlarmPhone, une hotline auto-g\u00e9r\u00e9e par des activistes 7\/7- 24\/24 depuis 2015, pour soutenir les appels des personnes qui sont en d\u00e9tresse sur la fronti\u00e8re m\u00e9diterran\u00e9enne, exiger leurs sauvetages et leurs d\u00e9barquements dans des ports s\u00fbrs.<\/p>\n<p>Chroniques \u00e0 MER, c\u2019est une chronique d\u2019actualit\u00e9 et d\u2019analyse des fronti\u00e8res et de leurs cons\u00e9quences, pour raconter ce qui se passe en mer M\u00e9diterran\u00e9e depuis le point de vue de notre travail dans le r\u00e9seau AlarmPhone.<\/p>\n<p>Chroniques \u00e0 MER, c\u2019est une chronique courte. Elle est diffusable sur des radios associatives et libres. Elle est aussi disponible sur <a href=\"http:\/\/jetfm.fr\/site\/-Chroniques-a-MER-.html\">le site de Canal sud (Toulouse)<\/a> et de Radio Gal\u00e8re (Marseille).<\/p>\n<p>Parce que des milliers de gens traversent la M\u00e9diterran\u00e9e\u00a0;<\/p>\n<p>Parce que la mer m\u00e9diterran\u00e9e est une fronti\u00e8re\u00a0;<\/p>\n<p>Parce que les fronti\u00e8res perp\u00e9tuent le racisme et colonialisme\u00a0;<\/p>\n<p>Parce que le racisme et le colonialisme tuent.<\/p>\n<p>Parce qu\u2019en 2020, 1760 personnes sont mortes en traversant \u2013 147 personnes par mois, 34 par semaines, pr\u00e8s de 5 personnes par jour \u2013 et bien bien plus dont on ne sait rien\u00a0;<\/p>\n<p>Parce que des histoires existent derri\u00e8res les chiffres\u00a0;<\/p>\n<p>Parce que ces histoires doivent \u00eatre racont\u00e9es\u00a0;<\/p>\n<p>Parce qu\u2019on ne veut pas oublier\u00a0;<\/p>\n<p>Parce qu\u2019on veut continuer \u00e0 lutter\u00a0;<\/p>\n<p>Parce qu\u2019on ne veut pas s\u2019habituer\u00a0;<\/p>\n<p>Parce qu\u2019on savait \u2026<\/p>\n<p>Pour nous contacter, vous pouvez \u00e9crire \u00e0\u00a0: <strong>chroniques_a_mer@riseup.net<\/strong><\/p>\n","protected":false},"excerpt":{"rendered":"<p>Chroniques \u00e0MER Chroniques \u00e0 MER, c\u2019est une chronique radio mensuelle en fran\u00e7ais, qui sort la deuxi\u00e8me semaine de chaque mois. Chroniques \u00e0 MER, c\u2019est une chronique r\u00e9alis\u00e9e par des membres du r\u00e9seau AlarmPhone, une hotline auto-g\u00e9r\u00e9e par des activistes 7\/7- 24\/24 depuis 2015, pour soutenir les appels des personnes qui sont en d\u00e9tresse sur la [&hellip;]<\/p>\n","protected":false},"author":8752,"featured_media":0,"comment_status":"open","ping_status":"closed","sticky":false,"template":"","format":"standard","meta":{"footnotes":""},"categories":[7,11,10],"tags":[],"class_list":["post-2600","post","type-post","status-publish","format-standard","hentry","category-emissions-radiophoniques","category-enfermements","category-prevention"],"_links":{"self":[{"href":"https:\/\/tardigrada.noblogs.org\/index.php?rest_route=\/wp\/v2\/posts\/2600","targetHints":{"allow":["GET"]}}],"collection":[{"href":"https:\/\/tardigrada.noblogs.org\/index.php?rest_route=\/wp\/v2\/posts"}],"about":[{"href":"https:\/\/tardigrada.noblogs.org\/index.php?rest_route=\/wp\/v2\/types\/post"}],"author":[{"embeddable":true,"href":"https:\/\/tardigrada.noblogs.org\/index.php?rest_route=\/wp\/v2\/users\/8752"}],"replies":[{"embeddable":true,"href":"https:\/\/tardigrada.noblogs.org\/index.php?rest_route=%2Fwp%2Fv2%2Fcomments&post=2600"}],"version-history":[{"count":1,"href":"https:\/\/tardigrada.noblogs.org\/index.php?rest_route=\/wp\/v2\/posts\/2600\/revisions"}],"predecessor-version":[{"id":2601,"href":"https:\/\/tardigrada.noblogs.org\/index.php?rest_route=\/wp\/v2\/posts\/2600\/revisions\/2601"}],"wp:attachment":[{"href":"https:\/\/tardigrada.noblogs.org\/index.php?rest_route=%2Fwp%2Fv2%2Fmedia&parent=2600"}],"wp:term":[{"taxonomy":"category","embeddable":true,"href":"https:\/\/tardigrada.noblogs.org\/index.php?rest_route=%2Fwp%2Fv2%2Fcategories&post=2600"},{"taxonomy":"post_tag","embeddable":true,"href":"https:\/\/tardigrada.noblogs.org\/index.php?rest_route=%2Fwp%2Fv2%2Ftags&post=2600"}],"curies":[{"name":"wp","href":"https:\/\/api.w.org\/{rel}","templated":true}]}}