{"id":260,"date":"2013-09-10T14:01:38","date_gmt":"2013-09-10T12:01:38","guid":{"rendered":"http:\/\/tardigrada.noblogs.org\/?p=260"},"modified":"2014-09-10T14:03:35","modified_gmt":"2014-09-10T12:03:35","slug":"le-langage-a-t-il-un-genre","status":"publish","type":"post","link":"https:\/\/tardigrada.noblogs.org\/?p=260","title":{"rendered":"LE LANGAGE A-T-IL UN GENRE ?"},"content":{"rendered":"<div class=\"bloc-text\"><\/div>\n<div class=\"bloc-text\"><strong>8 octobre 2013 : Soir\u00e9e projection-d\u00e9bat \/ ateliers : \u00ab le langage <\/strong><strong>a-t-il un genre ? \u00bb<\/strong><\/p>\n<div class=\"ob-section ob-section-text\">\n<div class=\"ob-text\">\n<p>Soir\u00e9e organis\u00e9e dans le cadre de la Quinzaine de l&rsquo;Egalit\u00e9 de la r\u00e9gion<br \/>\nRh\u00f4ne-Alpes, au cin\u00e9ma LE MELIES, \u00e0 Grenoble par :<br \/>\nLe Planning Familial de l&rsquo;Is\u00e8re en co-animation avec L&rsquo;association<br \/>\nlesbienne Les Voies d&rsquo;Elles et des enseignantes-chercheures sur le genre.<\/p>\n<p>Date : 8 octobre 2013<br \/>\nLieu : au cin\u00e9ma LE MELIES, 28 all\u00e9e Henri Frenay \u00e0 Grenoble<br \/>\nHoraires : Inscription possible \u00e0 l&rsquo;un ou l&rsquo;autre de ces moments<br \/>\n18h30-19h30 : ateliers \u00ab approche d&rsquo;une grammaire non sexiste \u00bb<br \/>\nGratuit, r\u00e9servation recommand\u00e9e au 04 76 87 89 24 ou<br \/>\n<a href=\"https:\/\/fulvetta.riseup.net\/sm\/src\/compose.php?send_to=secretariat%40leplanningfamilial38.org\">secretariat@leplanningfamilial38.org<\/a>&lt;<a href=\"https:\/\/fulvetta.riseup.net\/sm\/src\/compose.php?send_to=secretariat@leplanningfamilial38.org\">mailto:secretariat@leplanningfamilial38.org<\/a>&gt;<br \/>\n\u00e0 partir de 20h30 : projection-d\u00e9bat sur le film XXY* de Lucia Puenzo<br \/>\nGratuit sur r\u00e9servation (90 places gratuites) au 04 76 47 99 31<br \/>\nImportant : Acc\u00e8s handicap\u00e9s<br \/>\nEn savoir plus :<br \/>\nwww.38.planning-familial.org&lt;<a href=\"http:\/\/www.38.planning-familial.org\">http:\/\/www.38.planning-familial.org<\/a>&gt; rubrique<br \/>\nACTUALITES<\/p>\n<p>&#8212;&#8212;&#8212;&#8212;&#8212;&#8212;&#8212;&#8212;&#8212;&#8212;&#8212;&#8212;&#8212;&#8212;&#8212;&#8212;&#8212;&#8212;&#8212;&#8212;&#8212;&#8212;&#8212;&#8212;&#8212;<br \/>\n*Critique du journal Le Monde sur le film XXY (Jean-Luc Douin)<\/p>\n<p>Plaidoyer pour le libre arbitre, le respect de chaque individu dans son<br \/>\nint\u00e9grit\u00e9 physique, et le droit de chaque \u00eatre humain \u00e0 disposer de son<br \/>\ncorps et de son identit\u00e9, XXY d\u00e9peint le trouble d&rsquo;Alvaro (dadais vierge \u00e0<br \/>\nl&rsquo;homosexualit\u00e9 rentr\u00e9e) devant le corps d&rsquo;Alex (androgyne renferm\u00e9e mais<br \/>\nau d\u00e9sir impatient, qui lui prouve qu&rsquo;elle poss\u00e8de une fa\u00e7on \u00ab\u00a0sp\u00e9ciale\u00a0\u00bb de<br \/>\nle satisfaire). Les deux adolescents se d\u00e9couvrent une complicit\u00e9<br \/>\namoureuse et sexuelle. Avec beaucoup de sensibilit\u00e9 et de probit\u00e9<br \/>\nartistique, le film \u00e9vite les \u00e9cueils inh\u00e9rents au sujet. XXY n&rsquo;est pas un<br \/>\nfilm \u00e0 th\u00e8se conjuguant vulgarisation clinique et plaidoyer moral ni un<br \/>\ndrame licencieux cultivant le sensationnalisme. Mais une histoire de<br \/>\ntol\u00e9rance qui s&rsquo;offre un pied de nez aux voyeurs : Alex est viol\u00e9e sur une<br \/>\nplage par trois machos qui veulent \u00ab\u00a0voir\u00a0\u00bb.<\/p>\n<p>Contact : Le Planning Familial de l&rsquo;Is\u00e8re<br \/>\nTel : 04 76 87 89 24<\/p>\n<\/div>\n<\/div>\n<div class=\"ob-section ob-section-link\">\n<div class=\"ob-ctn\">\n<p class=\"ob-snippet\"><a class=\"ob-link\" href=\"http:\/\/www.38.planning-familial.org\" target=\"_blank\">Le Planning Familial 38 &#8211; Is\u00e8re | Libert\u00e9 Egalit\u00e9 Sexualit\u00e9s<\/a><\/p>\n<p class=\"ob-snippet\">Edito mars 2013 36 ans apr\u00e8s son officialisation par les Nations Unies, la journ\u00e9e internationale de la femme rendra-t-elle \u00e0 la femme ce qu&rsquo;elle lui doit ? La Journ\u00e9e internationale de la femm&#8230;<\/p>\n<pre><a class=\"ob-link\" href=\"http:\/\/www.38.planning-familial.org\" target=\"_blank\">http:\/\/www.38.planning-familial.org<\/a><\/pre>\n<\/div>\n<\/div>\n<\/div>\n","protected":false},"excerpt":{"rendered":"<p>8 octobre 2013 : Soir\u00e9e projection-d\u00e9bat \/ ateliers : \u00ab le langage a-t-il un genre ? \u00bb Soir\u00e9e organis\u00e9e dans le cadre de la Quinzaine de l&rsquo;Egalit\u00e9 de la r\u00e9gion Rh\u00f4ne-Alpes, au cin\u00e9ma LE MELIES, \u00e0 Grenoble par : Le Planning Familial de l&rsquo;Is\u00e8re en co-animation avec L&rsquo;association lesbienne Les Voies d&rsquo;Elles et des enseignantes-chercheures [&hellip;]<\/p>\n","protected":false},"author":8752,"featured_media":0,"comment_status":"open","ping_status":"closed","sticky":false,"template":"","format":"standard","meta":{"footnotes":""},"categories":[8,17],"tags":[],"class_list":["post-260","post","type-post","status-publish","format-standard","hentry","category-genre","category-rdv"],"_links":{"self":[{"href":"https:\/\/tardigrada.noblogs.org\/index.php?rest_route=\/wp\/v2\/posts\/260","targetHints":{"allow":["GET"]}}],"collection":[{"href":"https:\/\/tardigrada.noblogs.org\/index.php?rest_route=\/wp\/v2\/posts"}],"about":[{"href":"https:\/\/tardigrada.noblogs.org\/index.php?rest_route=\/wp\/v2\/types\/post"}],"author":[{"embeddable":true,"href":"https:\/\/tardigrada.noblogs.org\/index.php?rest_route=\/wp\/v2\/users\/8752"}],"replies":[{"embeddable":true,"href":"https:\/\/tardigrada.noblogs.org\/index.php?rest_route=%2Fwp%2Fv2%2Fcomments&post=260"}],"version-history":[{"count":1,"href":"https:\/\/tardigrada.noblogs.org\/index.php?rest_route=\/wp\/v2\/posts\/260\/revisions"}],"predecessor-version":[{"id":261,"href":"https:\/\/tardigrada.noblogs.org\/index.php?rest_route=\/wp\/v2\/posts\/260\/revisions\/261"}],"wp:attachment":[{"href":"https:\/\/tardigrada.noblogs.org\/index.php?rest_route=%2Fwp%2Fv2%2Fmedia&parent=260"}],"wp:term":[{"taxonomy":"category","embeddable":true,"href":"https:\/\/tardigrada.noblogs.org\/index.php?rest_route=%2Fwp%2Fv2%2Fcategories&post=260"},{"taxonomy":"post_tag","embeddable":true,"href":"https:\/\/tardigrada.noblogs.org\/index.php?rest_route=%2Fwp%2Fv2%2Ftags&post=260"}],"curies":[{"name":"wp","href":"https:\/\/api.w.org\/{rel}","templated":true}]}}