{"id":2548,"date":"2023-12-07T15:30:59","date_gmt":"2023-12-07T14:30:59","guid":{"rendered":"https:\/\/tardigrada.noblogs.org\/?p=2548"},"modified":"2023-12-20T16:57:27","modified_gmt":"2023-12-20T15:57:27","slug":"journee-de-lutte-contre-les-violences-faites-aux-travailleureuses-du-sexe-17-decembre","status":"publish","type":"post","link":"https:\/\/tardigrada.noblogs.org\/?p=2548","title":{"rendered":"JOURN\u00c9E DE LUTTE CONTRE LES VIOLENCES FAITES AUX TRAVAILLEUREUSES DU SEXE &#8211; 17 D\u00e9cembre"},"content":{"rendered":"<p>&#8230;un magnifique morceau sur une travailleuse du sexe&#8230;chant\u00e9 par Chavela Vargas \u00ab\u00a0MACORINA\u00a0\u00bb<\/p>\n<audio class=\"wp-audio-shortcode\" id=\"audio-2548-1\" preload=\"none\" style=\"width: 100%;\" controls=\"controls\"><source type=\"audio\/mpeg\" src=\"https:\/\/tardigrada.noblogs.org\/files\/2023\/12\/Chavela-Vargas-Macorina.mp3?_=1\" \/><a href=\"https:\/\/tardigrada.noblogs.org\/files\/2023\/12\/Chavela-Vargas-Macorina.mp3\">https:\/\/tardigrada.noblogs.org\/files\/2023\/12\/Chavela-Vargas-Macorina.mp3<\/a><\/audio>\n<p><img loading=\"lazy\" decoding=\"async\" class=\"aligncenter size-medium wp-image-2549\" src=\"https:\/\/tardigrada.noblogs.org\/files\/2023\/12\/contre_les_violences_tds2022-300x300.jpg\" alt=\"\" width=\"300\" height=\"300\" srcset=\"https:\/\/tardigrada.noblogs.org\/files\/2023\/12\/contre_les_violences_tds2022-300x300.jpg 300w, https:\/\/tardigrada.noblogs.org\/files\/2023\/12\/contre_les_violences_tds2022-150x150.jpg 150w, https:\/\/tardigrada.noblogs.org\/files\/2023\/12\/contre_les_violences_tds2022.jpg 480w\" sizes=\"auto, (max-width: 300px) 100vw, 300px\" \/><strong>17 d\u00e9cembre &#8211; Journ\u00e9e mondiale de lutte contre les\u00a0violences\u00a0faites\u00a0aux\u00a0travailleur.ses\u00a0du\u00a0sexe<\/strong><\/p>\n<p><strong>Manifestation Mercredi 14 d\u00e9cembre 18h\u00a0&#8211;\u00a0M\u00e9tro\u00a0Jean\u00a0Jaur\u00e8s\u00a0&#8211;\u00a0Toulouse<\/strong><\/p>\n<p>A l\u2019occasion de la journ\u00e9e mondiale contre les violences faites aux travailleur.ses du sexe, nous d\u00e9non\u00e7ons les Arr\u00eat\u00e9s Municipaux qui interdisent l\u2019exercice de la prostitution dans certaines rues de Paris, Lyon, Toulouse, Montpellier etc.<\/p>\n<p>L\u2019espace public est interdit aux travailleur.ses du sexe sous diff\u00e9rents pr\u00e9textes comme le trouble \u00e0 l\u2019ordre public, l\u2019atteinte \u00e0 la pudeur ou l\u2019interdiction de stationnement des camionnettes.<br \/>\nIl est inadmissible que les municipalit\u00e9s aient le pouvoir d\u2019exclure une partie de la population consid\u00e9r\u00e9e comme ind\u00e9sirable.<\/p>\n<p>Cela n\u2019est pas sans rappeler les arr\u00eat\u00e9s anti-mendicit\u00e9 et anti-bivouac qui rel\u00e8guent les plus pauvres et les migrant.es loin de l\u2019espace public au profit de l\u2019embourgeoisement des centres-villes.<br \/>\nCes arr\u00eat\u00e9s ont pour cons\u00e9quence de repousser les travailleur.ses du sexe en p\u00e9riph\u00e9rie.<br \/>\nToujours plus loin des regards et des habitations, elles sont plus isol\u00e9es et plus expos\u00e9es aux violences. Elles font face au harc\u00e8lement policier et aux amendes \u00e0 r\u00e9p\u00e9tition qui les pr\u00e9carisent encore davantage.<br \/>\nEn 2016, l\u2019\u00e9tat fran\u00e7ais a choisi d\u2019affirmer sa position abolitionniste en p\u00e9nalisant non plus les travailleur.ses du sexe, mais les clients, entendant ainsi mettre fin \u00e0 la r\u00e9pression \u00e0 leur encontre, iels sont d\u00e9sormais consid\u00e9r\u00e9es comme des victimes.<br \/>\nLe d\u00e9lit de racolage public a \u00e9t\u00e9 abrog\u00e9 en 2016, les Arr\u00eat\u00e9s Municipaux anti-prostitution qui criminalisent les travailleur.ses du sexe doivent \u00eatre \u00e9galement supprim\u00e9s.<\/p>\n<p>A Toulouse, les Arr\u00eat\u00e9s ont \u00e9t\u00e9 mis en place en 2014 par Jean Luc Moudenc, et sont \u00e9tendus d\u2019ann\u00e9es en ann\u00e9es au bon vouloir des comit\u00e9s de riverains et des \u00e9lections.<br \/>\nS\u2019ajoute \u00e0 cela une forte augmentation des violences depuis la crise sanitaire et la crise \u00e9conomique actuelle.<br \/>\nAgressions avec armes, viols, harc\u00e8lement et chantage\u2026 Face \u00e0 cette situation, les TDS ont peu de recours possible et ne sont pas soutenues par les institutions.<br \/>\nIl est difficile pour les travailleur.ses du sexe de porter plainte, peu sont reconnues victimes par la justice, il y a peu de possibilit\u00e9s de r\u00e9gularisation et de mise \u00e0 l\u2019abri en cas d\u2019agression ou d\u2019exploitation, bien que cela soit pr\u00e9vu par la loi.<\/p>\n<p><strong>Nous exigeons l\u2019arr\u00eat de la r\u00e9pression des travailleur.ses du sexe et une r\u00e9elle politique de lutte contre les violences faites aux travailleur.ses du sexe<\/strong><\/p>\n<p><strong>Stop\u00a0les\u00a0violences,\u00a0stop\u00a0la\u00a0r\u00e9pression,\u00a0stop\u00a0la\u00a0stigmatisation\u00a0!<\/strong><\/p>\n","protected":false},"excerpt":{"rendered":"<p>&#8230;un magnifique morceau sur une travailleuse du sexe&#8230;chant\u00e9 par Chavela Vargas \u00ab\u00a0MACORINA\u00a0\u00bb 17 d\u00e9cembre &#8211; Journ\u00e9e mondiale de lutte contre les\u00a0violences\u00a0faites\u00a0aux\u00a0travailleur.ses\u00a0du\u00a0sexe Manifestation Mercredi 14 d\u00e9cembre 18h\u00a0&#8211;\u00a0M\u00e9tro\u00a0Jean\u00a0Jaur\u00e8s\u00a0&#8211;\u00a0Toulouse A l\u2019occasion de la journ\u00e9e mondiale contre les violences faites aux travailleur.ses du sexe, nous d\u00e9non\u00e7ons les Arr\u00eat\u00e9s Municipaux qui interdisent l\u2019exercice de la prostitution dans certaines rues de [&hellip;]<\/p>\n","protected":false},"author":8752,"featured_media":0,"comment_status":"open","ping_status":"closed","sticky":false,"template":"","format":"standard","meta":{"footnotes":""},"categories":[11,2],"tags":[],"class_list":["post-2548","post","type-post","status-publish","format-standard","hentry","category-enfermements","category-travail-du-sexe"],"_links":{"self":[{"href":"https:\/\/tardigrada.noblogs.org\/index.php?rest_route=\/wp\/v2\/posts\/2548","targetHints":{"allow":["GET"]}}],"collection":[{"href":"https:\/\/tardigrada.noblogs.org\/index.php?rest_route=\/wp\/v2\/posts"}],"about":[{"href":"https:\/\/tardigrada.noblogs.org\/index.php?rest_route=\/wp\/v2\/types\/post"}],"author":[{"embeddable":true,"href":"https:\/\/tardigrada.noblogs.org\/index.php?rest_route=\/wp\/v2\/users\/8752"}],"replies":[{"embeddable":true,"href":"https:\/\/tardigrada.noblogs.org\/index.php?rest_route=%2Fwp%2Fv2%2Fcomments&post=2548"}],"version-history":[{"count":4,"href":"https:\/\/tardigrada.noblogs.org\/index.php?rest_route=\/wp\/v2\/posts\/2548\/revisions"}],"predecessor-version":[{"id":2557,"href":"https:\/\/tardigrada.noblogs.org\/index.php?rest_route=\/wp\/v2\/posts\/2548\/revisions\/2557"}],"wp:attachment":[{"href":"https:\/\/tardigrada.noblogs.org\/index.php?rest_route=%2Fwp%2Fv2%2Fmedia&parent=2548"}],"wp:term":[{"taxonomy":"category","embeddable":true,"href":"https:\/\/tardigrada.noblogs.org\/index.php?rest_route=%2Fwp%2Fv2%2Fcategories&post=2548"},{"taxonomy":"post_tag","embeddable":true,"href":"https:\/\/tardigrada.noblogs.org\/index.php?rest_route=%2Fwp%2Fv2%2Ftags&post=2548"}],"curies":[{"name":"wp","href":"https:\/\/api.w.org\/{rel}","templated":true}]}}