{"id":2543,"date":"2023-12-21T11:52:49","date_gmt":"2023-12-21T10:52:49","guid":{"rendered":"https:\/\/tardigrada.noblogs.org\/?p=2543"},"modified":"2023-12-21T15:51:45","modified_gmt":"2023-12-21T14:51:45","slug":"stop-au-massacre-a-gaza","status":"publish","type":"post","link":"https:\/\/tardigrada.noblogs.org\/?p=2543","title":{"rendered":"NON AUX LOIS RACISTES! NON AUX FRONTI\u00c8RES! SOLIDARIT\u00c9 AVEC LE PEUPLE PALESTINIEN!"},"content":{"rendered":"<h2 align=\"center\"><i><b><span style=\"font-family: helvetica neue, helvetica, arial, sans-serif\"><span style=\"font-size: x-large\">Pour dire <\/span><\/span><span style=\"font-family: helvetica neue, helvetica, arial, sans-serif\">Non<\/span><span style=\"font-family: helvetica neue, helvetica, arial, sans-serif\"> au g\u00e9nocide du peuple Palestinien, <\/span><\/b><\/i><\/h2>\n<h2 align=\"center\"><i><b><span style=\"font-family: helvetica neue, helvetica, arial, sans-serif\"><span style=\"font-size: x-large\">N<\/span><\/span><span style=\"font-family: helvetica neue, helvetica, arial, sans-serif\">on \u00e0 la derni\u00e8re n\u00e9e des lois racistes et x\u00e9nophobes, dite loi Darmanin,\u00a0et \u00e0 la fascisation capitaliste et de l\u2019Etat, <\/span><\/b><\/i><\/h2>\n<h2 align=\"center\"><i><b><span style=\"font-family: helvetica neue, helvetica, arial, sans-serif\"><span style=\"font-size: x-large\">N<\/span><\/span><span style=\"font-family: helvetica neue, helvetica, arial, sans-serif\">on aux fronti\u00e8res, en solidarit\u00e9 avec les migrants, le peuple palestinien et\u00a0tous les opprim\u00e9.e.s quelles que soient leurs origines, pour l\u2019\u00e9mancipation, <\/span><\/b><\/i><\/h2>\n<p style=\"text-align: center\" align=\"center\"><span style=\"font-family: helvetica neue, helvetica, arial, sans-serif\"><span style=\"font-size: x-large\"><i><b>S<\/b><\/i><\/span><\/span><span style=\"font-family: helvetica neue, helvetica, arial, sans-serif\"><span style=\"font-size: x-large\"><i><b>oyons nombreux.ses a nous rassembler :<\/b><\/i><\/span><\/span><\/p>\n<p style=\"text-align: center\"><span style=\"font-family: helvetica neue, helvetica, arial, sans-serif\"><span style=\"font-size: xx-large\"><b>Vendredi 22 d\u00e9cembre \u00e0 17 h<\/b><\/span><\/span><\/p>\n<p align=\"center\"><span style=\"font-family: helvetica neue, helvetica, arial, sans-serif\"><span style=\"font-size: x-large\">e<\/span><\/span><span style=\"font-family: helvetica neue, helvetica, arial, sans-serif\"><span style=\"font-size: x-large\">t<\/span><\/span> <span style=\"font-family: helvetica neue, helvetica, arial, sans-serif\"><span style=\"font-size: x-large\">pendant quelques heures <\/span><\/span><span style=\"font-family: helvetica neue, helvetica, arial, sans-serif\"><span style=\"font-size: x-large\">alors n\u2019h\u00e9sites pas \u00e0 nous rejoindre \u00e0 18h et +<\/span><\/span><br \/>\n<b><\/b><\/p>\n<p align=\"center\"><span style=\"font-family: Cantarell Extra Bold\"><span style=\"font-size: x-large\"><b>rdv R<\/b><\/span><\/span><span style=\"font-family: helvetica neue, helvetica, arial, sans-serif\"><span style=\"font-size: x-large\"><b>ond point Pyreval \u00e0 Pamiers<\/b><\/span><\/span><span style=\"font-family: helvetica neue, helvetica, arial, sans-serif\"><span style=\"font-size: x-large\"><br \/>\n<\/span><\/span><span style=\"font-family: helvetica neue, helvetica, arial, sans-serif\"><span style=\"font-size: small\">(<\/span><\/span><span style=\"font-family: helvetica neue, helvetica, arial, sans-serif\">sortie rocade direction Mirepoix, La Tour du Crieu, Pamiers, Intermarch\u00e9).<\/span><\/p>\n<p>&nbsp;<\/p>\n<p><strong>plus d&rsquo;infos semaine apr\u00e8s semaine sur <a href=\"https:\/\/couserans-palestine.fr\/\">https:\/\/couserans-palestine.fr\/<\/a><\/strong><\/p>\n<p><strong>FORCE, RAGE &amp; SOLIDARIT\u00c9S!!!<\/strong><\/p>\n","protected":false},"excerpt":{"rendered":"<p>Pour dire Non au g\u00e9nocide du peuple Palestinien, Non \u00e0 la derni\u00e8re n\u00e9e des lois racistes et x\u00e9nophobes, dite loi Darmanin,\u00a0et \u00e0 la fascisation capitaliste et de l\u2019Etat, Non aux fronti\u00e8res, en solidarit\u00e9 avec les migrants, le peuple palestinien et\u00a0tous les opprim\u00e9.e.s quelles que soient leurs origines, pour l\u2019\u00e9mancipation, Soyons nombreux.ses a nous rassembler : [&hellip;]<\/p>\n","protected":false},"author":8752,"featured_media":0,"comment_status":"open","ping_status":"closed","sticky":false,"template":"","format":"standard","meta":{"footnotes":""},"categories":[11,3,10,17],"tags":[],"class_list":["post-2543","post","type-post","status-publish","format-standard","hentry","category-enfermements","category-nouvelles-lois","category-prevention","category-rdv"],"_links":{"self":[{"href":"https:\/\/tardigrada.noblogs.org\/index.php?rest_route=\/wp\/v2\/posts\/2543","targetHints":{"allow":["GET"]}}],"collection":[{"href":"https:\/\/tardigrada.noblogs.org\/index.php?rest_route=\/wp\/v2\/posts"}],"about":[{"href":"https:\/\/tardigrada.noblogs.org\/index.php?rest_route=\/wp\/v2\/types\/post"}],"author":[{"embeddable":true,"href":"https:\/\/tardigrada.noblogs.org\/index.php?rest_route=\/wp\/v2\/users\/8752"}],"replies":[{"embeddable":true,"href":"https:\/\/tardigrada.noblogs.org\/index.php?rest_route=%2Fwp%2Fv2%2Fcomments&post=2543"}],"version-history":[{"count":6,"href":"https:\/\/tardigrada.noblogs.org\/index.php?rest_route=\/wp\/v2\/posts\/2543\/revisions"}],"predecessor-version":[{"id":2561,"href":"https:\/\/tardigrada.noblogs.org\/index.php?rest_route=\/wp\/v2\/posts\/2543\/revisions\/2561"}],"wp:attachment":[{"href":"https:\/\/tardigrada.noblogs.org\/index.php?rest_route=%2Fwp%2Fv2%2Fmedia&parent=2543"}],"wp:term":[{"taxonomy":"category","embeddable":true,"href":"https:\/\/tardigrada.noblogs.org\/index.php?rest_route=%2Fwp%2Fv2%2Fcategories&post=2543"},{"taxonomy":"post_tag","embeddable":true,"href":"https:\/\/tardigrada.noblogs.org\/index.php?rest_route=%2Fwp%2Fv2%2Ftags&post=2543"}],"curies":[{"name":"wp","href":"https:\/\/api.w.org\/{rel}","templated":true}]}}