{"id":2521,"date":"2024-02-23T08:04:11","date_gmt":"2024-02-23T07:04:11","guid":{"rendered":"https:\/\/tardigrada.noblogs.org\/?p=2521"},"modified":"2024-03-10T18:30:50","modified_gmt":"2024-03-10T17:30:50","slug":"appel-a-dons-pour-alarmphone-urgent","status":"publish","type":"post","link":"https:\/\/tardigrada.noblogs.org\/?p=2521","title":{"rendered":"Appel \u00e0 dons pour alarmphone! URGENT!"},"content":{"rendered":"<p>AlarmPhone a besoin de vous&#8230;<br \/>\n<a href=\"https:\/\/twitter.com\/alarm_phone\" target=\"_blank\" rel=\"noopener noreferrer\"><img loading=\"lazy\" decoding=\"async\" class=\"size-medium wp-image-2522 alignright\" src=\"https:\/\/tardigrada.noblogs.org\/files\/2023\/10\/arton6054-300x210.jpg\" alt=\"\" width=\"300\" height=\"210\" srcset=\"https:\/\/tardigrada.noblogs.org\/files\/2023\/10\/arton6054-300x210.jpg 300w, https:\/\/tardigrada.noblogs.org\/files\/2023\/10\/arton6054-768x537.jpg 768w, https:\/\/tardigrada.noblogs.org\/files\/2023\/10\/arton6054.jpg 1000w\" sizes=\"auto, (max-width: 300px) 100vw, 300px\" \/><\/a><br \/>\nLe 11 octobre 2014, nous avons inaugur\u00e9 le r\u00e9seau AlarmPhone, une ligne t\u00e9l\u00e9phonique d&rsquo;urgence con\u00e7ue pour assister des personnes se retrouvant en situation de d\u00e9tresse pendant une travers\u00e9e maritime ou terrestre lors de leur parcours de migration.(<a href=\"https:\/\/alarmphone.org\/fr\/\" target=\"_blank\" rel=\"noopener noreferrer\">https:\/\/alarmphone.org\/fr\/<\/a><\/p>\n<p>Apr\u00e8s 9 ans d&rsquo;activit\u00e9, le nombre de personnes ayant besoin d&rsquo;assistance ne cesse d&rsquo;augmenter et, par cons\u00e9quent, nos frais t\u00e9l\u00e9phoniques aussi :<br \/>\nen 2020 : 28900EUR<br \/>\nen 2021 : 54800EUR<br \/>\nen 2022 : 143800EUR<\/p>\n<p>Afin que notre situation financi\u00e8re n&rsquo;entrave pas notre travail, nous avons d\u00e9cid\u00e9 de lancer une campagne de dons internationale, \u00e0 l&rsquo;occasion de notre 9\u00e8me anniversaire.<br \/>\nNous vous invitons \u00e0 regarder la vid\u00e9o d&rsquo;explication cr\u00e9\u00e9e pour cette campagne :<br \/>\n<a href=\"https:\/\/youtu.be\/UYMzhcYLUis\" target=\"_blank\" rel=\"noopener noreferrer\">ttps:\/\/youtu.be\/UYMzhcYLUis<\/a><\/p>\n<p>Chaque don peut nous aider \u00e0 poursuivre notre mission et continuer de r\u00e9pondre au t\u00e9l\u00e9phone.<br \/>\n<a href=\"https:\/\/www.helloasso.com\/associations\/alarmphone-solidarite\/\" target=\"_blank\" rel=\"noopener noreferrer\">https:\/\/www.helloasso.com\/associations\/alarmphone-solidarite\/<\/a><\/p>\n<p>ou via PayPal ici : <a href=\"https:\/\/alarmphone.org\/fr\/dons\/\" target=\"_blank\" rel=\"noopener noreferrer\"> https:\/\/alarmphone.org\/fr\/dons\/<\/a><\/p>\n<p>Merci de diffuser largement cette campagne \u00e0 vos proches, aux collectifs int\u00e9ress\u00e9s par ces questions, \u00e0 toutes les personnes qui<br \/>\npourraient \u00eatre touch\u00e9es par cet appel. Merci merci<\/p>\n<p>Vous pouvez suivre :<br \/>\n&#8211; notre fil twitter: <a href=\"https:\/\/twitter.com\/alarm_phone\" target=\"_blank\" rel=\"noopener noreferrer\"> https:\/\/twitter.com\/alarm_phone<\/a><\/p>\n<p>&#8211; notre Instagram :<a href=\"https:\/\/www.instagram.com\/alarmphoneofficial\/\" target=\"_blank\" rel=\"noopener noreferrer\">https:\/\/www.instagram.com\/alarmphoneofficial\/<\/a><\/p>\n<p>&#8211; aller faire un tour sur notre site internet pour y trouver les rapports concernant les diff\u00e9rentes r\u00e9gions :<br \/>\n<a href=\"https:\/\/alarmphone.org\/fr\/\" target=\"_blank\" rel=\"noopener noreferrer\">https:\/\/alarmphone.org\/fr\/<\/a><\/p>\n<p>&#8211; \u00e9couter nos podcast en fran\u00e7ais<br \/>\n<a href=\"https:\/\/www.canalsud.net\/chroniques-a-mer#pagination_articles\" target=\"_blank\" rel=\"noopener noreferrer\">https:\/\/www.canalsud.net\/chroniques-a-mer#pagination_articles<\/a><\/p>\n<p>Merci,<br \/>\nChrisitne pour le r\u00e9seau Alarmphone<\/p>\n","protected":false},"excerpt":{"rendered":"<p>AlarmPhone a besoin de vous&#8230; Le 11 octobre 2014, nous avons inaugur\u00e9 le r\u00e9seau AlarmPhone, une ligne t\u00e9l\u00e9phonique d&rsquo;urgence con\u00e7ue pour assister des personnes se retrouvant en situation de d\u00e9tresse pendant une travers\u00e9e maritime ou terrestre lors de leur parcours de migration.(https:\/\/alarmphone.org\/fr\/ Apr\u00e8s 9 ans d&rsquo;activit\u00e9, le nombre de personnes ayant besoin d&rsquo;assistance ne cesse [&hellip;]<\/p>\n","protected":false},"author":8752,"featured_media":0,"comment_status":"open","ping_status":"closed","sticky":false,"template":"","format":"standard","meta":{"footnotes":""},"categories":[11,3,10],"tags":[],"class_list":["post-2521","post","type-post","status-publish","format-standard","hentry","category-enfermements","category-nouvelles-lois","category-prevention"],"_links":{"self":[{"href":"https:\/\/tardigrada.noblogs.org\/index.php?rest_route=\/wp\/v2\/posts\/2521","targetHints":{"allow":["GET"]}}],"collection":[{"href":"https:\/\/tardigrada.noblogs.org\/index.php?rest_route=\/wp\/v2\/posts"}],"about":[{"href":"https:\/\/tardigrada.noblogs.org\/index.php?rest_route=\/wp\/v2\/types\/post"}],"author":[{"embeddable":true,"href":"https:\/\/tardigrada.noblogs.org\/index.php?rest_route=\/wp\/v2\/users\/8752"}],"replies":[{"embeddable":true,"href":"https:\/\/tardigrada.noblogs.org\/index.php?rest_route=%2Fwp%2Fv2%2Fcomments&post=2521"}],"version-history":[{"count":1,"href":"https:\/\/tardigrada.noblogs.org\/index.php?rest_route=\/wp\/v2\/posts\/2521\/revisions"}],"predecessor-version":[{"id":2523,"href":"https:\/\/tardigrada.noblogs.org\/index.php?rest_route=\/wp\/v2\/posts\/2521\/revisions\/2523"}],"wp:attachment":[{"href":"https:\/\/tardigrada.noblogs.org\/index.php?rest_route=%2Fwp%2Fv2%2Fmedia&parent=2521"}],"wp:term":[{"taxonomy":"category","embeddable":true,"href":"https:\/\/tardigrada.noblogs.org\/index.php?rest_route=%2Fwp%2Fv2%2Fcategories&post=2521"},{"taxonomy":"post_tag","embeddable":true,"href":"https:\/\/tardigrada.noblogs.org\/index.php?rest_route=%2Fwp%2Fv2%2Ftags&post=2521"}],"curies":[{"name":"wp","href":"https:\/\/api.w.org\/{rel}","templated":true}]}}