{"id":2509,"date":"2023-12-18T10:57:41","date_gmt":"2023-12-18T09:57:41","guid":{"rendered":"https:\/\/tardigrada.noblogs.org\/?p=2509"},"modified":"2023-12-30T10:37:27","modified_gmt":"2023-12-30T09:37:27","slug":"communique-lallab-denonce-la-chasse-aux-abayas-du-gouvernement","status":"publish","type":"post","link":"https:\/\/tardigrada.noblogs.org\/?p=2509","title":{"rendered":"[Communiqu\u00e9] Lallab d\u00e9nonce la chasse aux abayas du gouvernement"},"content":{"rendered":"<div class=\"et_pb_section et_pb_section_0_tb_body et_pb_with_background et_section_regular\">\n<div class=\"et_pb_row et_pb_row_0_tb_body\">\n<div class=\"et_pb_column et_pb_column_4_4 et_pb_column_0_tb_body  et_pb_css_mix_blend_mode_passthrough et-last-child\">\n<div class=\"et_pb_module et_pb_post_title et_pb_post_title_0_tb_body et_pb_bg_layout_light  et_pb_text_align_left\">\n<div>\u00a0https:\/\/www.lallab.org\/<\/div>\n<div><\/div>\n<div class=\"et_pb_title_featured_container\"><b>Le 27 ao\u00fbt dernier, \u00e0 quelques jours de la rentr\u00e9e scolaire, Gabriel Attal, nouveau ministre de l\u2019Education Nationale, annonce sur TF1 : \u00ab Oui, j\u2019ai d\u00e9cid\u00e9 qu\u2019on ne pourrait plus porter l\u2019abaya \u00e0 l\u2019\u00e9cole \u00bb, s\u2019inscrivant ainsi dans les pas du Rassemblement National qui demandait quelques mois plus t\u00f4t au S\u00e9nat \u00ab l\u2019interdiction des <a href=\"https:\/\/ccieurope.org\/2022\/10\/21\/des-signes-religieux-par-destination-les-consequences-alarmantes-dun-elargissement-de-la-loi-sur-les-signes-religieux-a-lecole\/\" target=\"_blank\" rel=\"noopener\">v\u00eatements religieux par destination<\/a> \u00bb. <\/b><\/div>\n<\/div>\n<\/div>\n<\/div>\n<\/div>\n<div class=\"et_pb_section et_pb_section_1_tb_body et_section_regular\">\n<div class=\"et_pb_row et_pb_row_1_tb_body\">\n<div class=\"et_pb_column et_pb_column_4_4 et_pb_column_1_tb_body  et_pb_css_mix_blend_mode_passthrough et-last-child\">\n<div class=\"et_pb_module et_pb_post_content et_pb_post_content_0_tb_body\">\n<p><b>Nous d\u00e9non\u00e7ons une \u00e9ni\u00e8me campagne de harc\u00e8lement \u00e0 l\u2019\u00e9gard des jeunes filles musulmanes, qui sont une nouvelle fois les cibles de l\u2019islamophobie au plus haut niveau de l\u2019Etat.<\/b> Apr\u00e8s la loi de 2004, interdisant aux jeunes filles musulmanes de porter un foulard au sein des \u00e9tablissements publics, voil\u00e0 maintenant qu\u2019elles n\u2019ont plus le droit de porter des robes longues (abayas), une d\u00e9rive de la loi de 2004 attendue et d\u00e9nonc\u00e9e depuis vingt ans maintenant qui s\u2019acc\u00e9l\u00e8re sous la pression de l\u2019extr\u00eame droite et l\u2019extr\u00eame-droitisation des discours politiques.<\/p>\n<p><b>Car ne nous y trompons pas : si aujourd\u2019hui la question prend de l\u2019ampleur, le harc\u00e8lement des femmes musulmanes \u00e0 l\u2019\u00e9cole vis-\u00e0-vis de leur tenue ne d\u00e9bute pas avec la d\u00e9claration de Monsieur Attal.<\/b> La possibilit\u00e9 pour les m\u00e8res accompagnatrices de porter le foulard ou m\u00eame de rentrer dans certains \u00e9tablissements r\u00e9cup\u00e9rer leurs enfants, et pour les \u00e9l\u00e8ves de porter bandeaux, jupes longues, \u201cv\u00eatements sombres\u201d et aujourd\u2019hui abayas : \u00e0 chaque fois, c\u2019est la m\u00eame m\u00e9canique \u00e0 l\u2019\u0153uvre, la m\u00eame obsession pour le contr\u00f4le des corps des enfants, des filles et des femmes musulmanes.<\/p>\n<p>Lallab d\u00e9nonce un harc\u00e8lement islamophobe sexiste et raciste, qui donne libre champ au d\u00e9lit de faci\u00e8s dans l\u2019enceinte de l\u2019\u00e9cole. En effet, Monsieur Attal d\u00e9clare \u00ab qu\u2019on ne doit pas \u00eatre capable d\u2019identifier la religion des \u00e9l\u00e8ves en les regardant \u00bb, mais par contre nous devrions \u00eatre capable d\u2019identifier la religion d\u2019un v\u00eatement ? Car comment faire la diff\u00e9rence entre une robe longue autoris\u00e9e et une robe longue interdite si ce n\u2019est en fonction de celle qui la porte, en fonction du faci\u00e8s ou du patronyme des \u00e9l\u00e8ves ? <b>Les jeunes filles musulmanes racis\u00e9es seront donc en premi\u00e8re ligne de ce profilage racial et de ce fichage religieux, ce qui est une bien plus grande atteinte \u00e0 la la\u00efcit\u00e9 que l\u2019abaya ne le sera jamais.<\/b><\/p>\n<p>Lallab d\u00e9nonce donc une attaque grave contre cette la\u00efcit\u00e9, telle que pos\u00e9e dans la loi de 1905. Alors que le principe de la\u00efcit\u00e9 garantit la libert\u00e9 de conscience et de culte, et impose la s\u00e9paration des Eglises et de l\u2019Etat et la neutralit\u00e9 de ses agents, on va demander \u00e0 des personnels de l\u2019Education Nationale de d\u00e9terminer quel v\u00eatement est religieux et lequel ne l\u2019est pas. <b>Alors que l\u2019\u00e9cole est un droit, et qu\u2019elle doit \u00eatre un espace d\u2019apprentissage de la libert\u00e9 et de l\u2019\u00e9galit\u00e9, Gabriel Attal entend y renforcer la discrimination, le harc\u00e8lement, le sentiment de rejet et d\u2019ins\u00e9curit\u00e9 et l\u2019injustice \u00e0 l\u2019\u00e9gard des jeunes filles musulmanes qui seraient les seules \u00e0 ne plus avoir le droit \u00e0 la libert\u00e9 vestimentaire.<\/b><\/p>\n<p>N\u2019oublions pas non plus le caract\u00e8re intrins\u00e8quement sexiste d\u2019une telle d\u00e9cision. Au del\u00e0 du fait que les femmes musulmanes sont d\u00e9j\u00e0 celles qui subissent le plus l\u2019islamophobie, dans la mesure o\u00f9 70% des actes islamophobes sont \u00e0 l\u2019encontre des femmes, <b>quelle autorisation une telle circulaire donne-t-elle aux gar\u00e7ons et aux hommes dans le contr\u00f4le du corps des femmes et de leurs comportements quand l\u2019Etat lui-m\u00eame organise le contr\u00f4le des v\u00eatements de jeunes femmes ? <\/b> Comment peut-on encore scander \u201cmon corps, mes droits, mes choix\u201d ensuite ? Et en cas de violences ou de harc\u00e8lements sexistes ou sexuels, <b>comment faire confiance \u00e0 des repr\u00e9sentants de l\u2019Etat (personnel scolaire, policiers,\u2026) pour se confier et d\u00e9noncer ces violences quand eux-m\u00eames, pourtant cens\u00e9s vous prot\u00e9ger, vous ont humili\u00e9e, ont traqu\u00e9 les centim\u00e8tres de vos v\u00eatements de fa\u00e7on obsc\u00e8ne au coll\u00e8ge ou lyc\u00e9e, quand vous \u00e9tiez encore une enfant ? <\/b><\/p>\n<p>Force est de constater que les r\u00e9actions des diff\u00e9rents partis politiques et des principaux syndicats ne sont pas \u00e0 la hauteur, certains applaudissent des deux mains \u00e0 l\u2019unisson de l\u2019extr\u00eame droite, ayant depuis longtemps perdu leur boussole politique. D\u2019autres d\u00e9noncent une man\u0153uvre politicienne qui d\u00e9tournerait des \u00ab vrais \u00bb probl\u00e8mes que rencontrent l\u2019Education Nationale, <b>comme si l\u2019islamophobie, le racisme et le sexisme s\u2019exprimant \u00e0 toutes les \u00e9chelles de l\u2019institution n\u2019\u00e9tait pas un vrai probl\u00e8me. Car ne nous leurrons pas, certains personnels au sein de l\u2019Education Nationale seront ravis de sortir leur m\u00e8tre-ruban pour d\u00e9noncer des robes trop longues, ils et elles n\u2019avaient d\u2019ailleurs pas attendu les annonces de Gabriel Attal pour le faire. <\/b><\/p>\n<p>Nous, femmes musulmanes, <a href=\"https:\/\/www.lallab.org\/communiquelallab-8-mars-2020-nous-sommes-fatiguees\/\" target=\"_blank\" rel=\"noopener\">sommes \u00e9puis\u00e9es<\/a> face \u00e0 cet acharnement politique et m\u00e9diatique sans fin qui a des cons\u00e9quences sur notre sant\u00e9 physique et notre sant\u00e9 mentale, sur nos parcours scolaires, notre droit \u00e0 l\u2019\u00e9ducation, nos futurs possibles. <b>Combien de jeunes filles vont se pr\u00e9senter chaque jour devant leur \u00e9tablissement, la boule au ventre, \u00e0 se demander si aujourd\u2019hui elles pourront acc\u00e9der \u00e0 l\u2019enseignement, ou si pour cela elles devront \u00eatre d\u00e9shabill\u00e9es de force en place publique par les agents de l\u2019Etat. Combien renonceront \u00e0 ce qui est un droit fondamental pour ne plus avoir \u00e0 subir ce harc\u00e8lement quotidien ?<\/b> Nous sommes \u00e9puis\u00e9es de ce recul de nos droits, de ces milliers d\u2019heures de d\u00e9bats publics sur nos corps, nos v\u00eatements, nos pratiques, notre droit \u00e0 la s\u00e9curit\u00e9, \u00e0 la dignit\u00e9, \u00e0 l\u2019auto-d\u00e9termination, face \u00e0 des r\u00e8gles qui visent tout simplement \u00e0 annihiler notre existence en tant que citoyennes fran\u00e7aises ou vivant en France. \u00c9ducation, travail, loisirs, combien de droits et de libert\u00e9s nous seront encore arrach\u00e9s ?<\/p>\n<p><b>Nous envoyons toute notre force, notre amour et notre soutien<\/b> \u00e0 nos soeurs, nous lutterons \u00e0 vos c\u00f4t\u00e9s pour que vous puissiez \u00e9tudier, apprendre et grandir dans un environnement o\u00f9 toutes les femmes seraient libres de faire ce qu\u2019elles souhaitent faire, de disposer de leur corps comme elles l\u2019entendent et d\u2019\u00eatre qui elles veulent \u00eatre, car chez Lallab nous d\u00e9fendons ce f\u00e9minisme qui ne met \u00e0 l\u2019\u00e9cart aucune femme en raison de ses choix vestimentaires.<\/p>\n<p><b>Nous envoyons \u00e9galement toute notre force, notre amour et notre soutien<\/b> aux personnels de l\u2019Education nationale maltrait\u00e9s depuis des ann\u00e9es, et particuli\u00e8rement aux musulmane.s racis\u00e9e.s qui devront encore une fois faire face aux suspicions et discours racistes et islamophobes de leurs coll\u00e8gues et sup\u00e9rieure.s hi\u00e9rarchiques s\u2019ils ou elles refusent de jouer ce r\u00f4le de flicage permanent et de d\u00e9lation des \u00e9l\u00e8ves que l\u2019on cherche \u00e0 leur imposer.<\/p>\n<h5>Et pour finir, que faire ?<\/h5>\n<p>\u27a4 Soutenir les collectifs et associations qui agissent pour les droits des enfants, des femmes musulmanes et\/ou racis\u00e9es, des personnes musulmanes<br \/>\n\u27a4 Cr\u00e9er du contenu et relayer les t\u00e9moignages des premi\u00e8res concern\u00e9es face aux violences sexistes, raciste et islamophobes au sein de l\u2019Education Nationale (comme Lallab le fait depuis des ann\u00e9es, et notamment <a href=\"https:\/\/www.instagram.com\/s\/aGlnaGxpZ2h0OjE3OTU0MTQ5NDI0MTMzNDMx?igshid=MzRlODBiNWFlZA==\" target=\"_blank\" rel=\"noopener\">d\u00e8s l\u2019\u00e9dition 2019 du Muslim Women\u2019s Day<\/a>)<br \/>\n\u27a4 Conna\u00eetre ses droits, notamment en lisant <a href=\"https:\/\/www.instagram.com\/p\/CwzqP1Nu9HA\/\" target=\"_blank\" rel=\"noopener\">cette fiche pratique r\u00e9alis\u00e9e par le CCIE<\/a>, en se faisant accompagner par eux, par le D\u00e9fenseur des Droits ou par un.e avocat.e<br \/>\n\u27a4 Suivre le formidable collectif F\u00e9ministes contre le cyberharc\u00e8lement, qui a compil\u00e9 et qui relaie <a href=\"https:\/\/www.instagram.com\/p\/CwwzPOjgzm_\/\" target=\"_blank\" rel=\"noopener\">sur son compte Instagram<\/a> une liste d\u2019actions possibles pour lutter contre cette interdiction de l\u2019abaya<br \/>\n\u27a4 Lire \u00e9galement <a href=\"https:\/\/www.instagram.com\/p\/CwwwtTOo3Co\/\" target=\"_blank\" rel=\"noopener\">ce post de Queer Parlons Travail<\/a> qui est un guide d\u2019autod\u00e9fense et d\u2019anti-islamophobie \u00e0 l\u2019\u00e9cole, r\u00e9alis\u00e9 suite \u00e0 un atelier de Sud Education 93, lors de la journ\u00e9e antiracisme organis\u00e9e par Queer Education.<br \/>\n\u27a4 S\u2019organiser collectivement<\/p>\n<\/div>\n<\/div>\n<\/div>\n<\/div>\n","protected":false},"excerpt":{"rendered":"<p>\u00a0https:\/\/www.lallab.org\/ Le 27 ao\u00fbt dernier, \u00e0 quelques jours de la rentr\u00e9e scolaire, Gabriel Attal, nouveau ministre de l\u2019Education Nationale, annonce sur TF1 : \u00ab Oui, j\u2019ai d\u00e9cid\u00e9 qu\u2019on ne pourrait plus porter l\u2019abaya \u00e0 l\u2019\u00e9cole \u00bb, s\u2019inscrivant ainsi dans les pas du Rassemblement National qui demandait quelques mois plus t\u00f4t au S\u00e9nat \u00ab l\u2019interdiction des [&hellip;]<\/p>\n","protected":false},"author":8752,"featured_media":0,"comment_status":"open","ping_status":"closed","sticky":false,"template":"","format":"standard","meta":{"footnotes":""},"categories":[11,8,3,10],"tags":[],"class_list":["post-2509","post","type-post","status-publish","format-standard","hentry","category-enfermements","category-genre","category-nouvelles-lois","category-prevention"],"_links":{"self":[{"href":"https:\/\/tardigrada.noblogs.org\/index.php?rest_route=\/wp\/v2\/posts\/2509","targetHints":{"allow":["GET"]}}],"collection":[{"href":"https:\/\/tardigrada.noblogs.org\/index.php?rest_route=\/wp\/v2\/posts"}],"about":[{"href":"https:\/\/tardigrada.noblogs.org\/index.php?rest_route=\/wp\/v2\/types\/post"}],"author":[{"embeddable":true,"href":"https:\/\/tardigrada.noblogs.org\/index.php?rest_route=\/wp\/v2\/users\/8752"}],"replies":[{"embeddable":true,"href":"https:\/\/tardigrada.noblogs.org\/index.php?rest_route=%2Fwp%2Fv2%2Fcomments&post=2509"}],"version-history":[{"count":1,"href":"https:\/\/tardigrada.noblogs.org\/index.php?rest_route=\/wp\/v2\/posts\/2509\/revisions"}],"predecessor-version":[{"id":2510,"href":"https:\/\/tardigrada.noblogs.org\/index.php?rest_route=\/wp\/v2\/posts\/2509\/revisions\/2510"}],"wp:attachment":[{"href":"https:\/\/tardigrada.noblogs.org\/index.php?rest_route=%2Fwp%2Fv2%2Fmedia&parent=2509"}],"wp:term":[{"taxonomy":"category","embeddable":true,"href":"https:\/\/tardigrada.noblogs.org\/index.php?rest_route=%2Fwp%2Fv2%2Fcategories&post=2509"},{"taxonomy":"post_tag","embeddable":true,"href":"https:\/\/tardigrada.noblogs.org\/index.php?rest_route=%2Fwp%2Fv2%2Ftags&post=2509"}],"curies":[{"name":"wp","href":"https:\/\/api.w.org\/{rel}","templated":true}]}}