{"id":2502,"date":"2023-10-21T12:46:44","date_gmt":"2023-10-21T10:46:44","guid":{"rendered":"https:\/\/tardigrada.noblogs.org\/?p=2502"},"modified":"2023-10-21T18:18:16","modified_gmt":"2023-10-21T16:18:16","slug":"feministes-et-lgbtqi-nous-denoncons-le-massacre-en-cours-a-gaza","status":"publish","type":"post","link":"https:\/\/tardigrada.noblogs.org\/?p=2502","title":{"rendered":"F\u00e9ministes et LGBTQI+, nous d\u00e9non\u00e7ons le massacre en cours \u00e0 Gaza !"},"content":{"rendered":"<h3>F\u00e9ministes et LGBTQI+, nous d\u00e9non\u00e7ons le massacre en cours \u00e0 Gaza !<\/h3>\n<p>Militantes et organisations f\u00e9ministes et LGBTQI+ de Paris, Montreuil, Saint-Denis, Bordeaux, Grenoble, Marseille, Rouen, Montpellier, Nantes, Lyon ou encore Tours, nous d\u00e9non\u00e7ons le massacre en cours \u00e0 Gaza et l\u2019offensive contre le droit \u00e0 soutenir le peuple palestinien. Nous r\u00e9affirmons que la lib\u00e9ration de la Palestine est aussi une cause f\u00e9ministe.<\/p>\n<p>Deux semaines apr\u00e8s l\u2019offensive men\u00e9e par le Hamas et les organisations arm\u00e9es de la r\u00e9sistance palestinienne, l\u2019\u00c9tat d\u2019Isra\u00ebl continue de bombarder la bande de Gaza et pr\u00e9pare une invasion terrestre meurtri\u00e8re.<br \/>\nDepuis samedi 7 octobre, plus de 3785 palestinienNEs sont d\u00e9j\u00e0 mortEs, mais l\u2019attaque qui se pr\u00e9pare pourrait changer \u00e0 jamais la situation \u00e0 Gaza, pour le pire.<\/p>\n<p>Pour justifier son projet mortif\u00e8re, le gouvernement isra\u00e9lien s\u2019appuie sur les nombreux meurtres de civils perp\u00e9tr\u00e9s par le Hamas le 7 octobre dernier. Nous condamnons ces actes, comme l\u2019ensemble des attaques visant des civils isra\u00e9lienNEs, mais ils ne peuvent en aucun cas justifier un massacre du peuple palestinien, et encore moins faire oublier que c\u2019est la<br \/>\nsituation coloniale en Palestine, qui dure depuis 75 ans, qui est \u00e0 la racine de toute cette violence.<\/p>\n<p>Alors que l\u2019\u00c9tat d\u2019Isra\u00ebl multiplie les rh\u00e9toriques g\u00e9nocidaires et lance aux Gazaouis l\u2019ordre de fuir vers le sud tout en bombardant les routes, mais aussi les v\u00e9hicules m\u00e9dicalis\u00e9s, il b\u00e9n\u00e9ficie pourtant d\u2019un large soutien des \u00c9tats occidentaux. Les chefs d\u2019\u00c9tat des \u00c9tats-Unis, de la France ou de l\u2019Allemagne insistent ainsi sur \u00ab le droit d&rsquo;Isra\u00ebl \u00e0 se d\u00e9fendre \u00bb, donnant feu vert \u00e0 ce que certainEs qualifient d\u00e9j\u00e0 de nettoyage ethnique.<\/p>\n<p>Dans le m\u00eame temps, en France comme en Allemagne, tout soutien au peuple palestinien est criminalis\u00e9. Ces derniers jours, le ministre de l\u2019Int\u00e9rieur, G\u00e9rald Darmanin assimile ainsi toute position pro-Palestine \u00e0 un soutien au terrorisme et au Hamas, promettant d\u2019engager des proc\u00e9dures p\u00e9nales voire des dissolutions contre les organisations qui s\u2019exprimeraient sur le sujet, et interdit toute mobilisation en solidarit\u00e9 avec le peuple palestinien. Une offensive pour laquelle le ministre n\u2019h\u00e9site pas \u00e0 amalgamer de fa\u00e7on scandaleuse critique de l\u2019\u00c9tat d\u2019Isra\u00ebl et antis\u00e9mitisme.<\/p>\n<p>Organisations et militantEs f\u00e9ministes et LGBTQI+, nous r\u00e9affirmons aujourd\u2019hui notre soutien au peuple palestinien et reprenons \u00e0 notre compte l\u2019appel formul\u00e9 en mai 2021 par le Palestinian Feminist Collective : \u00ab la Palestine est une question f\u00e9ministe. Nous affirmons la vie et implorons les f\u00e9ministes du monde entier de s&rsquo;exprimer, de s&rsquo;organiser et de se joindre \u00e0 la lutte pour la lib\u00e9ration de la Palestine \u00bb.<br \/>\nNous affirmons \u00e9galement pleinement notre soutien \u00e0 Mariam Abu Daqqa, militante f\u00e9ministe pour la lib\u00e9ration palestinienne, r\u00e9cemment arr\u00eat\u00e9e puis assign\u00e9e \u00e0 r\u00e9sidence dans l&rsquo;attente de son expulsion vers Gaza, \u00e0 la demande de Darmanin, alors qu&rsquo;elle \u00e9tait en tourn\u00e9e en France pour raconter sa lutte pour la cause des femmes palestiniennes.<\/p>\n<p>La lutte contre le patriarcat implique de lutter contre l\u2019ensemble des oppressions, et il est de notre devoir politique d\u2019inscrire notre f\u00e9minisme dans l\u2019h\u00e9ritage des luttes des femmes qui se sont battues contre l\u2019imp\u00e9rialisme, contre le colonialisme,\u00a0 contre la s\u00e9gr\u00e9gation raciale, contre l\u2019apartheid. Aujourd\u2019hui, cela signifie soutenir inconditionnellement le peuple palestinien, son droit \u00e0 l\u2019autod\u00e9termination, et revendiquer le droit \u00e0 la solidarit\u00e9 avec la Palestine.<\/p>\n<p>&nbsp;<\/p>\n<p>&nbsp;<\/p>\n<p>&nbsp;<\/p>\n<p>&nbsp;<\/p>\n","protected":false},"excerpt":{"rendered":"<p>F\u00e9ministes et LGBTQI+, nous d\u00e9non\u00e7ons le massacre en cours \u00e0 Gaza ! Militantes et organisations f\u00e9ministes et LGBTQI+ de Paris, Montreuil, Saint-Denis, Bordeaux, Grenoble, Marseille, Rouen, Montpellier, Nantes, Lyon ou encore Tours, nous d\u00e9non\u00e7ons le massacre en cours \u00e0 Gaza et l\u2019offensive contre le droit \u00e0 soutenir le peuple palestinien. Nous r\u00e9affirmons que la lib\u00e9ration [&hellip;]<\/p>\n","protected":false},"author":8752,"featured_media":0,"comment_status":"open","ping_status":"closed","sticky":false,"template":"","format":"standard","meta":{"footnotes":""},"categories":[11,10],"tags":[],"class_list":["post-2502","post","type-post","status-publish","format-standard","hentry","category-enfermements","category-prevention"],"_links":{"self":[{"href":"https:\/\/tardigrada.noblogs.org\/index.php?rest_route=\/wp\/v2\/posts\/2502","targetHints":{"allow":["GET"]}}],"collection":[{"href":"https:\/\/tardigrada.noblogs.org\/index.php?rest_route=\/wp\/v2\/posts"}],"about":[{"href":"https:\/\/tardigrada.noblogs.org\/index.php?rest_route=\/wp\/v2\/types\/post"}],"author":[{"embeddable":true,"href":"https:\/\/tardigrada.noblogs.org\/index.php?rest_route=\/wp\/v2\/users\/8752"}],"replies":[{"embeddable":true,"href":"https:\/\/tardigrada.noblogs.org\/index.php?rest_route=%2Fwp%2Fv2%2Fcomments&post=2502"}],"version-history":[{"count":5,"href":"https:\/\/tardigrada.noblogs.org\/index.php?rest_route=\/wp\/v2\/posts\/2502\/revisions"}],"predecessor-version":[{"id":2516,"href":"https:\/\/tardigrada.noblogs.org\/index.php?rest_route=\/wp\/v2\/posts\/2502\/revisions\/2516"}],"wp:attachment":[{"href":"https:\/\/tardigrada.noblogs.org\/index.php?rest_route=%2Fwp%2Fv2%2Fmedia&parent=2502"}],"wp:term":[{"taxonomy":"category","embeddable":true,"href":"https:\/\/tardigrada.noblogs.org\/index.php?rest_route=%2Fwp%2Fv2%2Fcategories&post=2502"},{"taxonomy":"post_tag","embeddable":true,"href":"https:\/\/tardigrada.noblogs.org\/index.php?rest_route=%2Fwp%2Fv2%2Ftags&post=2502"}],"curies":[{"name":"wp","href":"https:\/\/api.w.org\/{rel}","templated":true}]}}