{"id":2455,"date":"2023-09-07T09:48:51","date_gmt":"2023-09-07T07:48:51","guid":{"rendered":"https:\/\/tardigrada.noblogs.org\/?p=2455"},"modified":"2023-09-07T09:48:51","modified_gmt":"2023-09-07T07:48:51","slug":"agressions-racistes-envers-des-comediennes-au-festival-davignon-pendant-la-representation-de-carte-noire-nommee-desir-jouee-par-huit-performeuses-afro-descendantes","status":"publish","type":"post","link":"https:\/\/tardigrada.noblogs.org\/?p=2455","title":{"rendered":"Agressions racistes envers des com\u00e9diennes au festival d\u2019Avignon  pendant la repr\u00e9sentation de \u00ab Carte noire nomm\u00e9e d\u00e9sir \u00bb, jou\u00e9e par huit performeuses afro-descendantes"},"content":{"rendered":"<div id=\"outerContainer\">\n<div id=\"sidebarContainer\">\n<div id=\"toolbarSidebar\">\n<div id=\"toolbarSidebarLeft\"><\/div>\n<\/div>\n<\/div>\n<\/div>\n<p><br role=\"presentation\" \/><em><span dir=\"ltr\" role=\"presentation\">\u00ab Dans le long tunnel qui les conduit de \u201cleur affreux-pass\u00e9 \u00e0 leur afro-futur\u201d, elles interrogent <\/span><span dir=\"ltr\" role=\"presentation\">l\u2019hypersexualisation de leurs corps, leur ali\u00e9nation \u00e0 la blanchit\u00e9 et \u00e0 l\u2019histoire coloniale, leur visibilit\u00e9 et leur <\/span><span dir=\"ltr\" role=\"presentation\">invisibilit\u00e9 en France, les mod\u00e8les avec lesquels elles ont grandi. Elles questionnent leur communaut\u00e9 noire <\/span><span dir=\"ltr\" role=\"presentation\">sur son besoin de respectabilit\u00e9 et sur les secrets de famille qui brouillent leurs perspectives de projection. \u00bb<\/span><\/em><br role=\"presentation\" \/><span dir=\"ltr\" role=\"presentation\">(Pr\u00e9sentation du spectacle par le Th\u00e9\u00e2tre l\u2019Od\u00e9on)<\/span><\/p>\n<p><span dir=\"ltr\" role=\"presentation\">Elles performent, ils agressent. <\/span><span dir=\"ltr\" role=\"presentation\">Nous apprenons que les performeuses\/com\u00e9diennes du spectacle \u00ab\u00a0Carte noire nomm\u00e9e d\u00e9sir\u00a0\u00bb <\/span><span dir=\"ltr\" role=\"presentation\">sont agress\u00e9es pendant leur tourn\u00e9e \u00e0 Avignon, en juillet 2023. Agress\u00e9es physiquement et<\/span><br role=\"presentation\" \/><span dir=\"ltr\" role=\"presentation\">verbalement, en plein spectacle et en pleine rue. Des doigts d&rsquo;honneurs, des insultes, des \u00ab\u00a0ici on est <\/span><span dir=\"ltr\" role=\"presentation\">chez nous\u00a0\u00bb. Un spectateur frappe une com\u00e9dienne pendant qu\u2019elle joue.<\/span><br role=\"presentation\" \/><span dir=\"ltr\" role=\"presentation\">Toute cette violence n\u2019a rien de caricatural, elle est bien r\u00e9elle, elle est l\u2019expression du racisme <\/span><span dir=\"ltr\" role=\"presentation\">banalis\u00e9. Apr\u00e8s la stupeur, cela nous fait l\u2019effet d\u2019une piq\u00fbre de rappel : de telles agressions peuvent <\/span><span dir=\"ltr\" role=\"presentation\">se produire partout, aucun espace ne prot\u00e8ge. Au th\u00e9\u00e2tre, le public ne laisse pas son sexisme et son <\/span><span dir=\"ltr\" role=\"presentation\">racisme au vestiaire.<\/span><br role=\"presentation\" \/><span dir=\"ltr\" role=\"presentation\">Les com\u00e9diennes sont sur sc\u00e8ne, elles performent. Elles jouent avec les repr\u00e9sentations de la <\/span><span dir=\"ltr\" role=\"presentation\">femme noire esclavagis\u00e9e, \u00e9rotis\u00e9e, f\u00e9tichis\u00e9e, diabolis\u00e9e, et par le th\u00e9\u00e2tre, les contournent, les <\/span><span dir=\"ltr\" role=\"presentation\">questionnent, les\u00a0 d\u00e9construisent. Elles font leur travail de com\u00e9dienne, \u00eatre au service d\u2019une mise en <\/span><span dir=\"ltr\" role=\"presentation\">sc\u00e8ne.<\/span><br role=\"presentation\" \/><span dir=\"ltr\" role=\"presentation\">Mais quand un homme\/spectateur blanc frappe une femme\/com\u00e9dienne noire avant de<\/span> <span dir=\"ltr\" role=\"presentation\">quitter <\/span><span dir=\"ltr\" role=\"presentation\">tranquillement la salle, il n&rsquo;y a plus de mise en sc\u00e8ne. <\/span><span dir=\"ltr\" role=\"presentation\">Les agressions, elles, sont r\u00e9elles.<\/span><br role=\"presentation\" \/><span dir=\"ltr\" role=\"presentation\">A la violence des actes racistes se rajoute une autre violence, la m\u00e9diatisation de l&rsquo;\u00e9v\u00e9nement \u00e0 <\/span><span dir=\"ltr\" role=\"presentation\">une vitesse \u00e9prouvante. La m\u00e9canique se met en route<\/span> <span dir=\"ltr\" role=\"presentation\">; la m\u00eame, qui dans toutes les agressions <\/span><span dir=\"ltr\" role=\"presentation\">sexistes et\/ou racistes, cherche \u00e0 disculper l\u2019agresseur. L<\/span><span dir=\"ltr\" role=\"presentation\">es<\/span> <span dir=\"ltr\" role=\"presentation\">agression<\/span><span dir=\"ltr\" role=\"presentation\">s<\/span> <span dir=\"ltr\" role=\"presentation\">sont<\/span> <span dir=\"ltr\" role=\"presentation\">pass\u00e9<\/span><span dir=\"ltr\" role=\"presentation\">es<\/span> <span dir=\"ltr\" role=\"presentation\">sous silence, la <\/span><span dir=\"ltr\" role=\"presentation\">fachosph\u00e8re diffuse les images du spectacle en d\u00e9tournant son contenu pour l\u2019investir de ses <\/span><span dir=\"ltr\" role=\"presentation\">phobies et de sa haine, un condens\u00e9 de toutes les n\u00e9vroses sexistes et racistes de notre soci\u00e9t\u00e9.<\/span><br role=\"presentation\" \/><span dir=\"ltr\" role=\"presentation\">S&rsquo;en suit un d\u00e9ferlement de menaces et d&rsquo;insultes sur les r\u00e9seaux sociaux<\/span> <span dir=\"ltr\" role=\"presentation\">: les noms des <\/span><span dir=\"ltr\" role=\"presentation\">com\u00e9diennes sont diffus\u00e9s publiquement avec l&rsquo;intention de les intimider et de les menacer.<\/span><br role=\"presentation\" \/><span dir=\"ltr\" role=\"presentation\">L&rsquo;homme agresseur,<\/span> <span dir=\"ltr\" role=\"presentation\">quant \u00e0 lui, est tr\u00e8s peu cit\u00e9, peu inqui\u00e9t\u00e9<\/span><span dir=\"ltr\" role=\"presentation\">.<\/span><br role=\"presentation\" \/><span dir=\"ltr\" role=\"presentation\">A la violence des coups et des insultes s&rsquo;ajoute pour les artistes la violence de la d\u00e9possession de <\/span><span dir=\"ltr\" role=\"presentation\">soi, celle de l&rsquo;exposition\/humiliation sur la place publique, celle de la trahison de la parole et des <\/span><span dir=\"ltr\" role=\"presentation\">actes, celle de la silenciation.<\/span><br role=\"presentation\" \/><span dir=\"ltr\" role=\"presentation\">Les com\u00e9diennes et la metteuse en sc\u00e8ne sont rapidement pr\u00e9sent\u00e9es comme des femmes noires <\/span><span dir=\"ltr\" role=\"presentation\">dangereuses<\/span> <span dir=\"ltr\" role=\"presentation\">qui<\/span> <span dir=\"ltr\" role=\"presentation\">occupent<\/span> <span dir=\"ltr\" role=\"presentation\">ill\u00e9gitimement<\/span> <span dir=\"ltr\" role=\"presentation\">la<\/span> <span dir=\"ltr\" role=\"presentation\">sc\u00e8ne<\/span> <span dir=\"ltr\" role=\"presentation\">artistique<\/span> <span dir=\"ltr\" role=\"presentation\">fran\u00e7aise <\/span><span dir=\"ltr\" role=\"presentation\">institutionnelle\/subventionn\u00e9e.<\/span><br role=\"presentation\" \/><span dir=\"ltr\" role=\"presentation\">Alors qu&rsquo;elles sont victimes d&rsquo;agression, elles sont accus\u00e9es. Se d\u00e9fendre devient suspect.<\/span><br role=\"presentation\" \/><span dir=\"ltr\" role=\"presentation\">Elles deviennent responsables des actes violents, racistes et sexistes.<\/span><br role=\"presentation\" \/><span dir=\"ltr\" role=\"presentation\">On veut nous faire croire qu&rsquo;elles sont la menace.<\/span><br role=\"presentation\" \/><span dir=\"ltr\" role=\"presentation\">Ce retournement de situation nous rappelle l\u2019actualit\u00e9 du dernier mois, o\u00f9 se r\u00e9p\u00e8te l\u2019histoire sans <\/span><span dir=\"ltr\" role=\"presentation\">cesse renouvel\u00e9e de l\u2019esclavage et de la colonisation. Quand Nahel et Mohammed se font tuer par la <\/span><span dir=\"ltr\" role=\"presentation\">police, quand Hedi est laiss\u00e9 pour mort, quand Youssef se fait tabasser&#8230; Au d\u00e9but, les m\u00e9dias <\/span><span dir=\"ltr\" role=\"presentation\">s\u2019offusquent, puis d\u00e9tournent l\u2019attention avec des faux d\u00e9bats sur les casiers judiciaires des victimes <\/span><span dir=\"ltr\" role=\"presentation\">des violences polici\u00e8res, pour finalement conclure que s\u2019ils ont \u00e9t\u00e9 tu\u00e9 ou tabass\u00e9, c\u2019est qu\u2019ils l\u2019ont <\/span><span dir=\"ltr\" role=\"presentation\">cherch\u00e9. Tuer des arabes et des noirs dans la rue est toujours plus banalis\u00e9. C&rsquo;est eux qu&rsquo;on essaie de <\/span><span dir=\"ltr\" role=\"presentation\">rendre responsables de s&rsquo;\u00eatre fait tuer, de garder \u00e0 vie la trace ind\u00e9l\u00e9bile de leur passage \u00e0 tabac. Le <\/span><span dir=\"ltr\" role=\"presentation\">racisme quotidien est couvert par celui de l&rsquo;Etat, de ses m\u00e9dias, de la police et de sa justice.<\/span><br role=\"presentation\" \/><span dir=\"ltr\" role=\"presentation\">Aujourd\u2019hui ce sont les com\u00e9diennes de \u00ab Carte noire nomm\u00e9e d\u00e9sir \u00bb qui subissent ces <\/span><span dir=\"ltr\" role=\"presentation\">violences,<\/span> <span dir=\"ltr\" role=\"presentation\">pour<\/span> <span dir=\"ltr\" role=\"presentation\">avoir<\/span> <span dir=\"ltr\" role=\"presentation\">partag\u00e9<\/span> <span dir=\"ltr\" role=\"presentation\">leurs<\/span> <span dir=\"ltr\" role=\"presentation\">exp\u00e9riences<\/span> <span dir=\"ltr\" role=\"presentation\">de<\/span> <span dir=\"ltr\" role=\"presentation\">violence<\/span> <span dir=\"ltr\" role=\"presentation\">syst\u00e9mique.<\/span> <span dir=\"ltr\" role=\"presentation\">La<\/span> <span dir=\"ltr\" role=\"presentation\">force<\/span> <span dir=\"ltr\" role=\"presentation\">de<\/span> <span dir=\"ltr\" role=\"presentation\">leur <\/span><span dir=\"ltr\" role=\"presentation\">t\u00e9moignage semble avoir fait peur.<\/span> <span dir=\"ltr\" role=\"presentation\">Nous avons plut\u00f4t envie de les remercier<\/span> <span dir=\"ltr\" role=\"presentation\">d&rsquo;avoir eu le courage <\/span><span dir=\"ltr\" role=\"presentation\">de s\u2019exprimer. En brisant le silence, elles permettent \u00e0 toutes et tous d&rsquo;avancer dans la lutte <\/span><span dir=\"ltr\" role=\"presentation\">contre le sexisme et le racisme.<\/span><br role=\"presentation\" \/><span dir=\"ltr\" role=\"presentation\">Nous avons aussi envie de les remercier pour cette \u0153uvre artistique po\u00e9tique, puissante, dr\u00f4le, et <\/span><span dir=\"ltr\" role=\"presentation\">bouleversante. Cet acte de g\u00e9n\u00e9rosit\u00e9 donne l&rsquo;opportunit\u00e9 au public d\u2019entendre l&rsquo;histoire de ces <\/span><span dir=\"ltr\" role=\"presentation\">femmes afro-descendantes, leurs points de vue sur ce qu&rsquo;elles vivent, traversent, subissent.<\/span> <span dir=\"ltr\" role=\"presentation\">Il n&rsquo;y a <\/span><span dir=\"ltr\" role=\"presentation\">rien d\u2019autre \u00e0 faire que d\u2019\u00e9couter.<\/span><\/p>\n<p><span dir=\"ltr\" role=\"presentation\">Nous pensons aux mots d\u2019Audre Lorde qui \u00e9crivait en 1984 :<\/span><br role=\"presentation\" \/><em><span dir=\"ltr\" role=\"presentation\">\u00ab\u00a0Je suis de plus en plus convaincue que ce qui est essentiel pour moi doit \u00eatre mis en mots, \u00e9nonc\u00e9 <\/span><span dir=\"ltr\" role=\"presentation\">et partag\u00e9, et ce m\u00eame au risque que ce soit \u00e9reint\u00e9 par la critique et incompris. <\/span><span dir=\"ltr\" role=\"presentation\">Parce que parler m&rsquo;est b\u00e9n\u00e9fique d&rsquo;abord et avant tout. Je suis ici, debout, comme po\u00e8te Noire <\/span><span dir=\"ltr\" role=\"presentation\">lesbienne, et tout cela prend un sens encore plus fort parce que je suis toujours en vie, alors que j&rsquo;ai <\/span><span dir=\"ltr\" role=\"presentation\">bien failli ne plus l&rsquo;\u00eatre.\u00a0\u00bb<\/span><\/em><br role=\"presentation\" \/><span dir=\"ltr\" role=\"presentation\">Apr\u00e8s la sid\u00e9ration, organisons-nous !<\/span> <span dir=\"ltr\" role=\"presentation\">Ce racisme nous n&rsquo;en voulons pas, ni dans la rue, ni dans <\/span><span dir=\"ltr\" role=\"presentation\">nos vies.<\/span><br role=\"presentation\" \/><span dir=\"ltr\" role=\"presentation\">Qu&rsquo;est-ce qui fait que cette agression a pu avoir lieu dans un th\u00e9\u00e2tre ou se trouvaient plus de 300 <\/span><span dir=\"ltr\" role=\"presentation\">personnes ? Que faire pour que cela ne se reproduise plus ?<\/span> <span dir=\"ltr\" role=\"presentation\">Comment r\u00e9agir face au racisme quand <\/span><span dir=\"ltr\" role=\"presentation\">nous en sommes t\u00e9moin, dans un th\u00e9\u00e2tre, dans la rue et partout ailleurs ?<\/span><\/p>\n<p><span dir=\"ltr\" role=\"presentation\">Dans un contexte de mont\u00e9e croissante du fascisme et des in\u00e9galit\u00e9s, nous ne pouvons pas rester <\/span><span dir=\"ltr\" role=\"presentation\">silencieuses face \u00e0 cette violence. Si nous sommes nombreux.ses \u00e0 \u00eatre contre le racisme, nous <\/span><span dir=\"ltr\" role=\"presentation\">devons \u00eatre nombreux.ses \u00e0 r\u00e9agir. Face au danger, les r\u00e9actions sont multiples<\/span> <span dir=\"ltr\" role=\"presentation\">: se figer, fuir, <\/span><span dir=\"ltr\" role=\"presentation\">intervenir. Ce n&rsquo;est certes pas toujours facile de faire ou dire quelque chose et nous ne sommes pas <\/span><span dir=\"ltr\" role=\"presentation\">toustes \u00e9gaux et \u00e9gales face \u00e0 la violence, mais nous pouvons nous demander comment s\u2019entrainer <\/span><span dir=\"ltr\" role=\"presentation\">mutuellement \u00e0 se mouiller, \u00e0 s&rsquo;engager, \u00e0 dire, \u00e0 intervenir quand on est t\u00e9moin d&rsquo;une injustice.<\/span><br role=\"presentation\" \/><span dir=\"ltr\" role=\"presentation\">Comment la solidarit\u00e9 peut s&rsquo;exprimer en actions<\/span> <span dir=\"ltr\" role=\"presentation\">? Se penser solidaires ne suffit pas, ne suffit plus.<\/span><br role=\"presentation\" \/><span dir=\"ltr\" role=\"presentation\">Nous sommes alli\u00e9.es, mais aussi concern\u00e9.es.<\/span><\/p>\n<p><span dir=\"ltr\" role=\"presentation\">\u00ab Carte noire nomm\u00e9e d\u00e9sir \u00bb doit se jouer dans d\u2019autres th\u00e9\u00e2tres. C&rsquo;est un spectacle puissant qui<\/span><br role=\"presentation\" \/><span dir=\"ltr\" role=\"presentation\">fait r\u00e9fl\u00e9chir et donne de la force.<\/span> <span dir=\"ltr\" role=\"presentation\">Pour toutes ces raisons, soyons nombreux.ses \u00e0 y aller, \u00eatre<\/span> <span dir=\"ltr\" role=\"presentation\">pr\u00e9sent.es, \u00eatre soutien, \u00eatre vigilant.es, \u00eatre pr\u00eat.es, \u00eatre l\u00e0.<\/span><\/p>\n<p><span dir=\"ltr\" role=\"presentation\">Tourn\u00e9e :<\/span><br role=\"presentation\" \/><span dir=\"ltr\" role=\"presentation\">\u2022<\/span> <span dir=\"ltr\" role=\"presentation\">Du 29 novembre au 18 d<\/span><span dir=\"ltr\" role=\"presentation\">\u00e9cembre, L\u2019Od\u00e9on, Th\u00e9\u00e2tre de l\u2019Europe, \u00e0 Paris<\/span><br role=\"presentation\" \/><span dir=\"ltr\" role=\"presentation\">\u2022<\/span> <span dir=\"ltr\" role=\"presentation\">Les 2 et 3 f<\/span><span dir=\"ltr\" role=\"presentation\">\u00e9vrier 2024, au Volcan, sc\u00e8ne nationale, au Havre<\/span><br role=\"presentation\" \/><span dir=\"ltr\" role=\"presentation\">\u2022<\/span> <span dir=\"ltr\" role=\"presentation\">Les 25 et 26 avril 2024, au Th<\/span><span dir=\"ltr\" role=\"presentation\">\u00e9\u00e2tre 71, sc\u00e8ne nationale de Malakoff<\/span><br role=\"presentation\" \/><span dir=\"ltr\" role=\"presentation\">\u00ab\u00a0Quels sont les mots qui vous manquent encore ? Qu&rsquo;avez-vous besoin de dire ? Quelles sont les <\/span><span dir=\"ltr\" role=\"presentation\">tyrannies que vous avalez jour apr\u00e8s jour et que vous essayez de faire v\u00f4tres, jusqu&rsquo;\u00e0 vous en rendre <\/span><span dir=\"ltr\" role=\"presentation\">malade et \u00e0 crever, en silence encore ? Peut-\u00eatre que pour certaines d&rsquo;entre vous, ici aujourd&rsquo;hui, je <\/span><span dir=\"ltr\" role=\"presentation\">suis le visage de vos peurs. Parce que je suis Noire, parce que je suis lesbienne, parce que je suis <\/span><span dir=\"ltr\" role=\"presentation\">moi -une po\u00e8te guerri\u00e8re Noire qui fait son boulot-, venue vous demander : et vous, est ce que vous <\/span><span dir=\"ltr\" role=\"presentation\">faites le v\u00f4tre ?\u00a0\u00bb (<\/span><span dir=\"ltr\" role=\"presentation\"><em>Transformer le silence<\/em> en paroles et en actes<\/span><span dir=\"ltr\" role=\"presentation\">, 1984)<\/span><\/p>\n<p>&nbsp;<\/p>\n<p><span dir=\"ltr\" role=\"presentation\">Des spectateur.ices en col\u00e8re<\/span><\/p>\n<div id=\"outerContainer\">\n<div id=\"dialogContainer\"><\/div>\n<\/div>\n","protected":false},"excerpt":{"rendered":"<p>\u00ab Dans le long tunnel qui les conduit de \u201cleur affreux-pass\u00e9 \u00e0 leur afro-futur\u201d, elles interrogent l\u2019hypersexualisation de leurs corps, leur ali\u00e9nation \u00e0 la blanchit\u00e9 et \u00e0 l\u2019histoire coloniale, leur visibilit\u00e9 et leur invisibilit\u00e9 en France, les mod\u00e8les avec lesquels elles ont grandi. Elles questionnent leur communaut\u00e9 noire sur son besoin de respectabilit\u00e9 et sur [&hellip;]<\/p>\n","protected":false},"author":8752,"featured_media":0,"comment_status":"open","ping_status":"closed","sticky":false,"template":"","format":"standard","meta":{"footnotes":""},"categories":[11,10,17],"tags":[],"class_list":["post-2455","post","type-post","status-publish","format-standard","hentry","category-enfermements","category-prevention","category-rdv"],"_links":{"self":[{"href":"https:\/\/tardigrada.noblogs.org\/index.php?rest_route=\/wp\/v2\/posts\/2455","targetHints":{"allow":["GET"]}}],"collection":[{"href":"https:\/\/tardigrada.noblogs.org\/index.php?rest_route=\/wp\/v2\/posts"}],"about":[{"href":"https:\/\/tardigrada.noblogs.org\/index.php?rest_route=\/wp\/v2\/types\/post"}],"author":[{"embeddable":true,"href":"https:\/\/tardigrada.noblogs.org\/index.php?rest_route=\/wp\/v2\/users\/8752"}],"replies":[{"embeddable":true,"href":"https:\/\/tardigrada.noblogs.org\/index.php?rest_route=%2Fwp%2Fv2%2Fcomments&post=2455"}],"version-history":[{"count":1,"href":"https:\/\/tardigrada.noblogs.org\/index.php?rest_route=\/wp\/v2\/posts\/2455\/revisions"}],"predecessor-version":[{"id":2456,"href":"https:\/\/tardigrada.noblogs.org\/index.php?rest_route=\/wp\/v2\/posts\/2455\/revisions\/2456"}],"wp:attachment":[{"href":"https:\/\/tardigrada.noblogs.org\/index.php?rest_route=%2Fwp%2Fv2%2Fmedia&parent=2455"}],"wp:term":[{"taxonomy":"category","embeddable":true,"href":"https:\/\/tardigrada.noblogs.org\/index.php?rest_route=%2Fwp%2Fv2%2Fcategories&post=2455"},{"taxonomy":"post_tag","embeddable":true,"href":"https:\/\/tardigrada.noblogs.org\/index.php?rest_route=%2Fwp%2Fv2%2Ftags&post=2455"}],"curies":[{"name":"wp","href":"https:\/\/api.w.org\/{rel}","templated":true}]}}