{"id":2329,"date":"2022-10-19T00:50:56","date_gmt":"2022-10-18T22:50:56","guid":{"rendered":"https:\/\/tardigrada.noblogs.org\/?p=2329"},"modified":"2022-10-19T00:50:56","modified_gmt":"2022-10-18T22:50:56","slug":"migraphone-un-podcast-sur-les-migrations-realise-par-des-migrant-es","status":"publish","type":"post","link":"https:\/\/tardigrada.noblogs.org\/?p=2329","title":{"rendered":"MIGRAPHONE &#8211; Un podcast sur les migrations r\u00e9alis\u00e9 par des migrant.es"},"content":{"rendered":"<p dir=\"ltr\"><img loading=\"lazy\" decoding=\"async\" class=\"aligncenter size-medium_large wp-image-2330\" src=\"https:\/\/tardigrada.noblogs.org\/files\/2022\/10\/MIGRAPHONE-Podcast-migrations-768x768.jpg\" alt=\"\" width=\"620\" height=\"620\" srcset=\"https:\/\/tardigrada.noblogs.org\/files\/2022\/10\/MIGRAPHONE-Podcast-migrations-768x768.jpg 768w, https:\/\/tardigrada.noblogs.org\/files\/2022\/10\/MIGRAPHONE-Podcast-migrations-300x300.jpg 300w, https:\/\/tardigrada.noblogs.org\/files\/2022\/10\/MIGRAPHONE-Podcast-migrations-1024x1024.jpg 1024w, https:\/\/tardigrada.noblogs.org\/files\/2022\/10\/MIGRAPHONE-Podcast-migrations-150x150.jpg 150w, https:\/\/tardigrada.noblogs.org\/files\/2022\/10\/MIGRAPHONE-Podcast-migrations-1536x1536.jpg 1536w, https:\/\/tardigrada.noblogs.org\/files\/2022\/10\/MIGRAPHONE-Podcast-migrations-2048x2048.jpg 2048w\" sizes=\"auto, (max-width: 620px) 100vw, 620px\" \/><\/p>\n<p dir=\"ltr\"><a href=\"https:\/\/linktr.ee\/migraphone\" target=\"_blank\" rel=\"noopener noreferrer\">Migraphone<\/a> est un podcast sur les migrations r\u00e9alis\u00e9 par des migrant\u00b7es. Une fois par mois Ekat et ses complices invitent d&rsquo;autres migrant\u00b7es, des militant\u00b7es et des chercheur\u00b7es pour parler migration. Migraphone, c&rsquo;est des r\u00e9cits polyphoniques, des histoires v\u00e9cues et des analyses partag\u00e9es.<\/p>\n<p dir=\"ltr\">Le v\u00e9cu personnel et des exp\u00e9riences communes avec d&rsquo;autres migrant\u00b7es est le point de d\u00e9part de ce podcast. Il est un espace pour nous o\u00f9 l&rsquo;on puisse s&rsquo;exprimer, partager et analyser ensemble. Avec ce podcast on veut cr\u00e9er un savoir minoritaire, concern\u00e9 et situ\u00e9, construit \u00e0 partir des points de vue des migrantes et des migrants.<\/p>\n<p dir=\"ltr\">Migraphone est un podcast \u00e0 voix multiples. Chaque \u00e9pisode est construit avec une personne migrante complice : un ou une amie, une connaissance, ou \u00e7a peut \u00eatre vous si vous \u00eates vous m\u00eame migrant\u00b7e et vous souhaitez participer \u00e0 un \u00e9pisode. Avec cette personne on choisit de quoi et comment on veut parler. On choisit \u00e9galement nos invit\u00e9\u00b7es, d&rsquo;autres migrant\u00b7es, des chercheur\u00b7es, des militant\u00b7es \u00e0 rencontrer.<\/p>\n<p dir=\"ltr\">Migraphone un podcast engag\u00e9 qui parle migration haut et fort.<\/p>\n<p dir=\"ltr\">Vous pouvez l&rsquo;\u00e9couter sur toutes les plateformes d&rsquo;\u00e9coute (Spotify, Deezer, Itunes&#8230;) et le suivre sur les r\u00e9seaux sociaux (Facebook et Instagram), tous les liens sont ici :<a href=\"https:\/\/linktr.ee\/migraphone\" target=\"_blank\" rel=\"noopener noreferrer\"> https:\/\/linktr.ee\/migraphone<\/a><\/p>\n<p dir=\"ltr\">Merci de partager ce podcast qui est enti\u00e8rement r\u00e9alis\u00e9 par des personnes concern\u00e9es et avec leurs moyens personnels.<\/p>\n<p id=\"v2gmail-m_-5578017207989254410m_8148643370090984760gmail-m_6781855276741837904gmail-m_-5404003757404558898m_732194574584646282gmail-m_6329938487832653481gmail-m_6776115303606933910m_1398513110459381539gmail-docs-internal-guid-bfa5b0e6-7fff-65a1-37e2-a7ee3e319ff0\" dir=\"ltr\">Bonne \u00e9coute,<\/p>\n<p dir=\"ltr\">Ekat de Migraphone<\/p>\n","protected":false},"excerpt":{"rendered":"<p>Migraphone est un podcast sur les migrations r\u00e9alis\u00e9 par des migrant\u00b7es. Une fois par mois Ekat et ses complices invitent d&rsquo;autres migrant\u00b7es, des militant\u00b7es et des chercheur\u00b7es pour parler migration. Migraphone, c&rsquo;est des r\u00e9cits polyphoniques, des histoires v\u00e9cues et des analyses partag\u00e9es. Le v\u00e9cu personnel et des exp\u00e9riences communes avec d&rsquo;autres migrant\u00b7es est le point [&hellip;]<\/p>\n","protected":false},"author":8752,"featured_media":0,"comment_status":"open","ping_status":"closed","sticky":false,"template":"","format":"standard","meta":{"footnotes":""},"categories":[7,3,10],"tags":[],"class_list":["post-2329","post","type-post","status-publish","format-standard","hentry","category-emissions-radiophoniques","category-nouvelles-lois","category-prevention"],"_links":{"self":[{"href":"https:\/\/tardigrada.noblogs.org\/index.php?rest_route=\/wp\/v2\/posts\/2329","targetHints":{"allow":["GET"]}}],"collection":[{"href":"https:\/\/tardigrada.noblogs.org\/index.php?rest_route=\/wp\/v2\/posts"}],"about":[{"href":"https:\/\/tardigrada.noblogs.org\/index.php?rest_route=\/wp\/v2\/types\/post"}],"author":[{"embeddable":true,"href":"https:\/\/tardigrada.noblogs.org\/index.php?rest_route=\/wp\/v2\/users\/8752"}],"replies":[{"embeddable":true,"href":"https:\/\/tardigrada.noblogs.org\/index.php?rest_route=%2Fwp%2Fv2%2Fcomments&post=2329"}],"version-history":[{"count":1,"href":"https:\/\/tardigrada.noblogs.org\/index.php?rest_route=\/wp\/v2\/posts\/2329\/revisions"}],"predecessor-version":[{"id":2331,"href":"https:\/\/tardigrada.noblogs.org\/index.php?rest_route=\/wp\/v2\/posts\/2329\/revisions\/2331"}],"wp:attachment":[{"href":"https:\/\/tardigrada.noblogs.org\/index.php?rest_route=%2Fwp%2Fv2%2Fmedia&parent=2329"}],"wp:term":[{"taxonomy":"category","embeddable":true,"href":"https:\/\/tardigrada.noblogs.org\/index.php?rest_route=%2Fwp%2Fv2%2Fcategories&post=2329"},{"taxonomy":"post_tag","embeddable":true,"href":"https:\/\/tardigrada.noblogs.org\/index.php?rest_route=%2Fwp%2Fv2%2Ftags&post=2329"}],"curies":[{"name":"wp","href":"https:\/\/api.w.org\/{rel}","templated":true}]}}