{"id":2087,"date":"2020-06-22T14:20:51","date_gmt":"2020-06-22T12:20:51","guid":{"rendered":"https:\/\/tardigrada.noblogs.org\/?p=2087"},"modified":"2020-06-22T14:20:51","modified_gmt":"2020-06-22T12:20:51","slug":"pourquoi-je-ne-me-distancie-plus-des-emeutier-e-s","status":"publish","type":"post","link":"https:\/\/tardigrada.noblogs.org\/?p=2087","title":{"rendered":"Pourquoi je ne me distancie plus des \u00ab\u00a0\u00e9meutier.e.s\u00a0\u00bb"},"content":{"rendered":"<div class=\"main_content_container\">\n<p><em>On dit d\u2019un fleuve emportant tout qu\u2019il est violent, mais on ne dit jamais rien de la violence des rives qui l\u2019enserrent.<\/em> Bertolt Brecht.<\/p>\n<p><strong>Le mythe de la non-violence <\/strong><\/p>\n<p>Trop souvent, dans mes d\u00e9marches administratives, j\u2019ai \u00e9t\u00e9\u0301 confront\u00e9e a\u0300 la mauvaise foi de personnes qui m\u2019infantilisaient et me laissaient rentrer chez moi frustr\u00e9e. Trop souvent, j\u2019ai \u00e9t\u00e9\u0301 ignor\u00e9e, discr\u00e9dit\u00e9e ou disqualifi\u00e9e. Trop souvent, j\u2019ai d\u00fb ravaler ma col\u00e8re et mes larmes. Trop souvent j\u2019ai d\u00fb me relever et essayer \u00e0 nouveau de concr\u00e9tiser des d\u00e9marches pourtant simples que d\u2019autres r\u00e9alisent sans effort. Trop souvent, je me suis retrouv\u00e9e face avec des policiers qui accomplissaient leurs t\u00e2ches pr\u00e9sum\u00e9es avec une haine aveugle. Trop souvent, mon monde s\u2019est effondre\u0301 tandis que mon pire cauchemar se r\u00e9alisait. Et une fois de plus, quelqu\u2019un n\u2019allait plus jamais rentrer a\u0300 la maison parce qu\u2019il avait \u00e9t\u00e9\u0301 \u00e9cras\u00e9\u0301 dans la rue ou ex\u00e9cut\u00e9\u0301 d\u2019une autre mani\u00e8re.<\/p>\n<p>Le racisme est violent au niveau physique, psychologique, symbolique et institutionnel. Une fois que les exp\u00e9riences r\u00e9p\u00e9t\u00e9es te l\u2019apprennent, il est impossible de gober la petite histoire de la non-violence. Et en tant que femme racis\u00e9e, je m\u2019estimais encore chanceuse, contrairement aux hommes racis\u00e9s. Parce que je pouvais de temps en temps compter sur une esp\u00e8ce de compassion sexiste-paternaliste qui m\u2019assurait un soutien parce qu\u2019on supposait que j\u2019\u00e9tais surtout victime de ma culture d\u2019origine vue comme oppressante.<\/p>\n<p>La non-violence est une position de personnes privil\u00e9gi\u00e9es, inh\u00e9rente au confort des classes moyennes a\u0300 pr\u00e9dominance blanche. Ces personnes privil\u00e9gi\u00e9es refusent de reconnaitre que la violence est une composante in\u00e9vitable de la hi\u00e9rarchie sociale qui structure notre soci\u00e9t\u00e9\u0301, surtout pour les personnes racis\u00e9es.<\/p>\n<p>A\u0300 une \u00e9poque, je ne pensais pas pareil, la non-violence semblait un Eldorado pour une jeune femme racis\u00e9e comme moi qui avait d\u00e9j\u00e0\u0300 encaisse\u0301 \u00e9norm\u00e9ment de violences dans sa vie. J\u2019\u00e9tais fatigu\u00e9e de cette agressivit\u00e9 et chaque cellule de mon corps \u00e9tait impr\u00e9gn\u00e9e du fait qu\u2019il \u00e9tait possible de faire autrement. J\u2019ai puise\u0301 ma force dans ma douleur pour aider a\u0300 b\u00e2tir une soci\u00e9t\u00e9\u0301 qui serait capable d\u2019inclure et d\u2019aimer un peu plus un segment particulier de ses membres. Avec une grande conviction, j\u2019ai travers\u00e9\u0301 le pays pour rencontrer des gens et r\u00e9pondre a\u0300 leurs questions, j\u2019ai tent\u00e9 de d\u00e9battre de mani\u00e8re constructive de justice sociale dans divers institutions et associations, signe\u0301 des p\u00e9titions, apporte\u0301 des id\u00e9es, d\u00e9marr\u00e9\u0301 des projets, travaille\u0301 tr\u00e8s dur. Je me suis impliqu\u00e9e b\u00e9n\u00e9volement dans des organisations et des conseils d\u2019administration et j\u2019\u00e9tais, dans le m\u00eame temps, participante et organisatrice de nombreux \u00e9v\u00e9nements, manifestations et activit\u00e9s.<\/p>\n<h2>Les organisations de la soci\u00e9t\u00e9\u0301 civile sont \u00e9galement violentes<\/h2>\n<p>Cependant, dans une soci\u00e9t\u00e9\u0301 raciste, toutes les structures sont violentes envers certains groupes, m\u00eame les organisations sociales et antiracistes les plus \u00e9galitaires ne sont pas exemptes de violence. Entre autres parce qu\u2019ils essayent d\u2019ignorer ou d\u2019effacer les diff\u00e9rences entre les gens, au lieu de s\u2019attaquer r\u00e9ellement aux injustices \u00e9manant de notre soci\u00e9t\u00e9. Trop souvent, des phrases vides sur l\u2019\u00e9galit\u00e9\u0301 des droits, l\u2019\u00e9galit\u00e9\u0301 des chances et l\u2019\u00e9galit\u00e9\u0301 de traitement sont privil\u00e9gi\u00e9es et prioritaires par rapport a\u0300 la justice sociale. Notre compr\u00e9hension de l\u2019\u00e9galit\u00e9\u0301 est fondamentalement incorrecte, car il est parfaitement possible d\u2019ancrer l\u2019\u00e9galit\u00e9\u0301 individuelle dans la loi, tandis que l\u2019oppression et l\u2019in\u00e9galit\u00e9\u0301 continuent tranquillement leur bonhomme de chemin. En fait, c\u2019est souvent pire encore, la non-violence est souvent revendiqu\u00e9e par des gens qui ne veulent pas qu\u2019il y ait une \u00e9galit\u00e9\u0301 sociale et qui veulent encore moins partager leur pouvoir ou leur richesse. Pr\u00e9cis\u00e9ment parce qu\u2019ils savent que c\u2019est le meilleur moyen pour garder les plus impuissants au bas de l\u2019\u00e9chelle socio-\u00e9conomique.<\/p>\n<blockquote><p>Le gouvernement de Versailles crie : incendie criminel ! Et chuchote ce mot de passe aux oreilles de tous ses sbires, jusqu\u2019au village le plus \u00e9loign\u00e9\u0301, pour traquer partout ses adversaires, d\u00e9sormais soup\u00e7onn\u00e9s d\u2019\u00eatre des pyromanes professionnels. La bourgeoisie du monde entier regarde avec complaisance le massacre apr\u00e8s leurs combats, mais est constern\u00e9e par les d\u00e9g\u00e2ts de certaines pierres et de ciment.&nbsp; (Marx, 1870)<\/p><\/blockquote>\n<p>Me distancier des gens qui ne pouvaient pas, comme moi, trouver la force d\u2019attendre pacifiquement et de mani\u00e8re constructive le bon moment, avait d\u00e9j\u00e0\u0300 a\u0300 l\u2019\u00e9poque, un go\u00fbt amer. Pourtant je l\u2019ai fait a\u0300 chaque fois, je condamnais encore et encore ce \u201cmauvais\u201d comportement de personnes qui ne m\u00e9ritaient pas pour autant d\u2019\u00eatre condamn\u00e9es au b\u00fbcher. Ne pas me distancier n\u2019\u00e9tait pas une option, la nuance n\u2019\u00e9tait pas une option, sauf si vous voulez commettre un suicide social.<\/p>\n<h2>&nbsp;Comprendre la violence n\u2019est pas synonyme de la glorifier<\/h2>\n<p>Le simple fait que les blancs ne soient pas capables de me voir en tant qu\u2019individu, ou que je doive encore pr\u00e9ciser que je ne suis pas d\u2019accord avec le fait de nuire au bien d\u2019autrui, est en soi d\u2019une violence \u00e9crasante. C\u2019est pourquoi je ne crois pas qu\u2019une soci\u00e9t\u00e9\u0301 qui traite syst\u00e9matiquement un groupe de mani\u00e8re incorrecte, soit capable de punir ce m\u00eame groupe de mani\u00e8re juste. Et tant que je suis r\u00e9duite au silence chaque fois que je souligne la violence syst\u00e9mique et institutionnelle, tant que notre soci\u00e9t\u00e9\u0301 continue de choisir de fermer les yeux sur la violence qu\u2019elle provoque et ses cons\u00e9quences, tant que ma soci\u00e9t\u00e9\u0301 n\u2019est pas en mesure de se distancier des horreurs de son passe\u0301, et bien, je ne me distancerai plus des gens que les classes moyennes blanches ont d\u00e9cid\u00e9 d\u2019appeler \u00e9meutiers.<\/p>\n<p><em>(traduction Ghadija Aziz)<\/em><\/p>\n<\/div>\n<div id=\"ffenetremailtomailModal\">\n<div id=\"ffenetremailtopopupModalMail\">\n<div id=\"ffenetremailtotoModalClose\">&nbsp;<\/div>\n<div id=\"ffenetremailtopopupQuestion\">What do you want to do ?<\/div>\n<p><a id=\"ffenetremailtoemailOpen\"><\/a>New mail<button id=\"ffenetremailtobuttonEmail\">Copy<\/button><textarea id=\"ffenetremailtotextArea\"><\/textarea><\/div>\n<\/div>\n<div><img \/><\/div>\n","protected":false},"excerpt":{"rendered":"<p>On dit d\u2019un fleuve emportant tout qu\u2019il est violent, mais on ne dit jamais rien de la violence des rives qui l\u2019enserrent. Bertolt Brecht. Le mythe de la non-violence Trop souvent, dans mes d\u00e9marches administratives, j\u2019ai \u00e9t\u00e9\u0301 confront\u00e9e a\u0300 la mauvaise foi de personnes qui m\u2019infantilisaient et me laissaient rentrer chez moi frustr\u00e9e. Trop souvent, [&hellip;]<\/p>\n","protected":false},"author":8752,"featured_media":0,"comment_status":"open","ping_status":"closed","sticky":false,"template":"","format":"standard","meta":{"footnotes":""},"categories":[11,8,3,10],"tags":[],"class_list":["post-2087","post","type-post","status-publish","format-standard","hentry","category-enfermements","category-genre","category-nouvelles-lois","category-prevention"],"_links":{"self":[{"href":"https:\/\/tardigrada.noblogs.org\/index.php?rest_route=\/wp\/v2\/posts\/2087","targetHints":{"allow":["GET"]}}],"collection":[{"href":"https:\/\/tardigrada.noblogs.org\/index.php?rest_route=\/wp\/v2\/posts"}],"about":[{"href":"https:\/\/tardigrada.noblogs.org\/index.php?rest_route=\/wp\/v2\/types\/post"}],"author":[{"embeddable":true,"href":"https:\/\/tardigrada.noblogs.org\/index.php?rest_route=\/wp\/v2\/users\/8752"}],"replies":[{"embeddable":true,"href":"https:\/\/tardigrada.noblogs.org\/index.php?rest_route=%2Fwp%2Fv2%2Fcomments&post=2087"}],"version-history":[{"count":1,"href":"https:\/\/tardigrada.noblogs.org\/index.php?rest_route=\/wp\/v2\/posts\/2087\/revisions"}],"predecessor-version":[{"id":2088,"href":"https:\/\/tardigrada.noblogs.org\/index.php?rest_route=\/wp\/v2\/posts\/2087\/revisions\/2088"}],"wp:attachment":[{"href":"https:\/\/tardigrada.noblogs.org\/index.php?rest_route=%2Fwp%2Fv2%2Fmedia&parent=2087"}],"wp:term":[{"taxonomy":"category","embeddable":true,"href":"https:\/\/tardigrada.noblogs.org\/index.php?rest_route=%2Fwp%2Fv2%2Fcategories&post=2087"},{"taxonomy":"post_tag","embeddable":true,"href":"https:\/\/tardigrada.noblogs.org\/index.php?rest_route=%2Fwp%2Fv2%2Ftags&post=2087"}],"curies":[{"name":"wp","href":"https:\/\/api.w.org\/{rel}","templated":true}]}}