{"id":2072,"date":"2020-05-10T15:33:20","date_gmt":"2020-05-10T13:33:20","guid":{"rendered":"https:\/\/tardigrada.noblogs.org\/?p=2072"},"modified":"2020-05-10T15:33:20","modified_gmt":"2020-05-10T13:33:20","slug":"retour-en-arriere-pour-livg-avec-le-confinement","status":"publish","type":"post","link":"https:\/\/tardigrada.noblogs.org\/?p=2072","title":{"rendered":"Retour en arri\u00e8re pour l\u2019IVG avec le confinement"},"content":{"rendered":"<p><strong>Hausse de 330 % des difficult\u00e9s de prise en charge, hausse de 184 % des demandes d\u2019IVG tardives\u2026 Le Planning familial alerte. La loi d\u2019urgence ne permet pas de surmonter les barri\u00e8res du confinement.<\/strong><\/p>\n<p>Au 0800 08 11 11, le num\u00e9ro vert \u00ab Sexualit\u00e9s, Contraception, IVG \u00bb et dans les associations d\u00e9partementales du Planning Familial, la d\u00e9tresse grandit. Le planning l\u2019a mesur\u00e9e dans un rapport qui <em>\u00ab analyse de la situation de l\u2019avortement en temps de confinement \u00bb<\/em>.<\/p>\n<p>Du 30 mars au 19 avril 2020, ce num\u00e9ro\u00a0 a enregistr\u00e9 une hausse des appels de 31% par rapport \u00e0 la m\u00eame p\u00e9riode de l\u2019ann\u00e9e 2019. Et surtout\u00a0l\u2019\u00e9tude constate une augmentation de <strong>330%<\/strong> des difficult\u00e9s concernant des dysfonctionnements dans la prise en charge des personnes : <em>\u00a0\u00ab\u00a0non-respect de la loi dans la prise en charge des personnes souhaitant r\u00e9aliser une IVG ou se faire d\u00e9livrer\/poser une contraception, un accueil IVG culpabilisant et\/ou jugeant, une d\u00e9sinformation par un\u00b7e professionnel\u00b7le ou un\u00b7e personne anti-IVG, une situation de violences conjugales ou familiales, une situation de d\u00e9passement des d\u00e9lais l\u00e9gaux fran\u00e7ais\u00a0pour la r\u00e9alisation d\u2019une IVG entra\u00eenant un avortement \u00e0 l\u2019\u00e9tranger et bien s\u00fbr les difficult\u00e9s li\u00e9es au confinement.\u00a0\u00bb<\/em> indique l\u2019analyse<\/p>\n<p>Au final <em>\u00ab\u00a0les femmes viennent globalement moins avorter\u00a0alors qu\u2019elles en ont toujours le m\u00eame besoin\u00a0\u00bb<\/em> dit le rapport. Ceci alors que <em>\u00ab la plupart des h\u00f4pitaux se sont organis\u00e9s pour maintenir les IVG pendant l\u2019\u00e9pid\u00e9mie de coronavirus \u00bb<\/em><\/p>\n<p>Autre chiffre inqui\u00e9tant\u00a0: sur trois semaines le num\u00e9ro vert a re\u00e7u 54 demandes pour une IVG \u00e0 l\u2019\u00e9tranger ou une IMG en France, contre 19 demandes en 2019, soit\u00a0<em>\u00ab\u00a0une augmentation de <strong>184%<\/strong> des demandes pour une interruption de grossesse au-del\u00e0 de 12 semaines de grossesse.\u00a0\u00bb<\/em><\/p>\n<p>Des mesures l\u00e9gislatives ont \u00e9t\u00e9 mises en place tardivement. Le 15 avril dernier, le gouvernement a annonc\u00e9 l\u2019allongement du d\u00e9lai d\u2019avortement par voie m\u00e9dicamenteuse de 5 \u00e0 7 semaines de grossesse. Et les rendez-vous m\u00e9dicaux obligatoires pour une IVG m\u00e9dicamenteuse sont d\u00e9sormais r\u00e9alisables en t\u00e9l\u00e9consultation. Mais la demande d\u2019allongement du d\u00e9lai de 12 \u00e0 14 semaines pour pratiquer une IVG ne passe pas. Le 20 mars, des s\u00e9natrices et s\u00e9nateurs avaient demand\u00e9 que cette disposition figure dans la loi \u00ab urgence Covid \u00bb et elle avait \u00e9t\u00e9 rejet\u00e9e. <em>(voir :\u00a0<a href=\"https:\/\/www.lesnouvellesnews.fr\/livg-en-danger-pendant-le-confinement\/\" target=\"_blank\" rel=\"noopener noreferrer\">L\u2019IVG EN DANGER PENDANT LE CONFINEMENT ?)<\/a><\/em><\/p>\n<p>Le 25 avril en revanche, le ministre de la Sant\u00e9 Olivier Verant a indiqu\u00e9 que la d\u00e9tresse psychosociale serait retenue comme motif aux demandes d\u2019IVG tardives, retard\u00e9es en raison du confinement. Il r\u00e9pondait ainsi \u00e0 un courrier de plusieurs associations qui lui avait \u00e9t\u00e9 adress\u00e9 par la S\u00e9natrice Laurence Rossignol, ex-ministre en charge des Droits des femmes. Comprendre\u00a0: le gouvernement n\u2019ira pas plus loin parce que pr\u00e9cisait-il\u00a0dans sa r\u00e9ponse, c\u2019est <em>\u00ab un sujet de soci\u00e9t\u00e9 trop important pour \u00eatre trait\u00e9 dans l\u2019urgence d\u2019une crise \u00e9pid\u00e9mique\u00bb.<\/em>\u00a0Un argument qui ram\u00e8ne aux sombres heures du d\u00e9bat parlementaire qui, il y a 45 ans, avait <em>\u00ab\u00a0expos\u00e9 Simone Veil \u00e0 une violence obsc\u00e8ne\u00a0\u00bb<\/em> fait observer <a href=\"http:\/\/www.isabelle-alonso.com\/male-gaze\/\">Isabelle Alonso.<\/a><\/p>\n<p>Pourtant, <em>\u00ab\u00a0l\u2019urgence de la crise \u00e9pid\u00e9mique\u00a0\u00bb<\/em> rend le probl\u00e8me urgent. Les t\u00e9moignages recueillis par le Planning familial t\u00e9moignent de la peur et des obstacles mat\u00e9riels qui emp\u00eachent le recours \u00e0 l\u2019IVG : difficult\u00e9 \u00e0 obtenir un rendez-vous, peur de sortir et d\u2019\u00eatre contamin\u00e9e, impossibilit\u00e9 de faire garder ses enfants pour aller au rendez-vous, peur, chez les mineures, que les parents soient inform\u00e9s\u2026 Sans compter la propension des anti-IVG \u00e0 capter sur Internet les demandes des femmes en d\u00e9tresse pour les dissuader d\u2019avorter. (voir <em>D<a href=\"https:\/\/www.lesnouvellesnews.fr\/delit-entrave-numerique-ivg-loi-definitivement-adoptee-mais\/\" target=\"_blank\" rel=\"noopener noreferrer\">\u00e9lit d\u2019entrave num\u00e9rique \u00e0 l\u2019IVG<\/a>\u00a0)<\/em> Autre sujet compliqu\u00e9 : l\u2019appr\u00e9ciation de la \u00ab d\u00e9tresse psychosociale \u00bb qui doit \u00eatre faite par un coll\u00e8ge nombreux et pas forc\u00e9ment bienveillant\u2026<\/p>\n<p>Alors le planning formule plusieurs demandes et notamment la simplification de la prise en charge des IVG, des campagnes d\u2019information, la r\u00e9ouverture des lieux d\u2019accueil pouvant aider les femmes. Et toujours l\u2019allongement du d\u00e9lai de 12 \u00e0 14 semaines.<\/p>\n<p>Laurence Rossignol a tent\u00e9 de faire adopter des simplifications de l\u2019acc\u00e8s \u00e0 l\u2019IVG lors de la lecture de la loi au S\u00e9nat\u2026 Sans succ\u00e8s. Alors elle a demand\u00e9 \u00e0 ses coll\u00e8gues d\u00e9put\u00e9.e.s de s\u2019emparer du sujet.<\/p>\n<div id=\"ffenetremailtomailModal\">\n<div id=\"ffenetremailtopopupModalMail\">\n<div id=\"ffenetremailtotoModalClose\"><\/div>\n<div id=\"ffenetremailtopopupQuestion\">What do you want to do ?<\/div>\n<p><a id=\"ffenetremailtoemailOpen\"><\/a>New mail<button id=\"ffenetremailtobuttonEmail\">Copy<\/button><textarea id=\"ffenetremailtotextArea\"><\/textarea><\/div>\n<\/div>\n<div><img \/><\/div>\n","protected":false},"excerpt":{"rendered":"<p>Hausse de 330 % des difficult\u00e9s de prise en charge, hausse de 184 % des demandes d\u2019IVG tardives\u2026 Le Planning familial alerte. La loi d\u2019urgence ne permet pas de surmonter les barri\u00e8res du confinement. Au 0800 08 11 11, le num\u00e9ro vert \u00ab Sexualit\u00e9s, Contraception, IVG \u00bb et dans les associations d\u00e9partementales du Planning Familial, [&hellip;]<\/p>\n","protected":false},"author":8752,"featured_media":0,"comment_status":"open","ping_status":"closed","sticky":false,"template":"","format":"standard","meta":{"footnotes":""},"categories":[4,11,8,9,10],"tags":[],"class_list":["post-2072","post","type-post","status-publish","format-standard","hentry","category-avortement-contraception","category-enfermements","category-genre","category-gynecologie","category-prevention"],"_links":{"self":[{"href":"https:\/\/tardigrada.noblogs.org\/index.php?rest_route=\/wp\/v2\/posts\/2072","targetHints":{"allow":["GET"]}}],"collection":[{"href":"https:\/\/tardigrada.noblogs.org\/index.php?rest_route=\/wp\/v2\/posts"}],"about":[{"href":"https:\/\/tardigrada.noblogs.org\/index.php?rest_route=\/wp\/v2\/types\/post"}],"author":[{"embeddable":true,"href":"https:\/\/tardigrada.noblogs.org\/index.php?rest_route=\/wp\/v2\/users\/8752"}],"replies":[{"embeddable":true,"href":"https:\/\/tardigrada.noblogs.org\/index.php?rest_route=%2Fwp%2Fv2%2Fcomments&post=2072"}],"version-history":[{"count":1,"href":"https:\/\/tardigrada.noblogs.org\/index.php?rest_route=\/wp\/v2\/posts\/2072\/revisions"}],"predecessor-version":[{"id":2073,"href":"https:\/\/tardigrada.noblogs.org\/index.php?rest_route=\/wp\/v2\/posts\/2072\/revisions\/2073"}],"wp:attachment":[{"href":"https:\/\/tardigrada.noblogs.org\/index.php?rest_route=%2Fwp%2Fv2%2Fmedia&parent=2072"}],"wp:term":[{"taxonomy":"category","embeddable":true,"href":"https:\/\/tardigrada.noblogs.org\/index.php?rest_route=%2Fwp%2Fv2%2Fcategories&post=2072"},{"taxonomy":"post_tag","embeddable":true,"href":"https:\/\/tardigrada.noblogs.org\/index.php?rest_route=%2Fwp%2Fv2%2Ftags&post=2072"}],"curies":[{"name":"wp","href":"https:\/\/api.w.org\/{rel}","templated":true}]}}