{"id":1963,"date":"2020-04-04T14:25:00","date_gmt":"2020-04-04T12:25:00","guid":{"rendered":"https:\/\/tardigrada.noblogs.org\/?p=1963"},"modified":"2020-04-12T09:17:16","modified_gmt":"2020-04-12T07:17:16","slug":"face-a-un-ennemi-invisible-a-gaza","status":"publish","type":"post","link":"https:\/\/tardigrada.noblogs.org\/?p=1963","title":{"rendered":"Face \u00e0 un ennemi invisible \u00e0 Gaza"},"content":{"rendered":"<p>Par Sarah Algherbawi, 2 avril 2020<\/p>\n<figure class=\"wp-block-image\"><img decoding=\"async\" class=\"wp-image-22222\" src=\"https:\/\/agencemediapalestine.fr\/wp-content\/uploads\/2020\/04\/download-9.png\" alt=\"\" \/><figcaption>Des artistes de la bande dens\u00e9ment peupl\u00e9e de Gaza ont lanc\u00e9, le 30 mars, une initiative pour encourager les habitants \u00e0 porter des masques afin d\u2019aider \u00e0 enrayer la propagation du coronavirus. (Ahmad Hasaballah IMAGESLIVE)<\/figcaption><\/figure>\n<p>J\u2019\u00e9cris cet article pendant la deuxi\u00e8me semaine d\u2019isolement.<\/p>\n<p>Le coronavirus est arriv\u00e9 \u00e0 Gaza le 22 mars, jour o\u00f9 une information a r\u00e9v\u00e9l\u00e9 qu\u2019il avait \u00e9t\u00e9 d\u00e9tect\u00e9 chez deux personnes qui rentraient du Pakistan.<\/p>\n<p>Depuis, et au moment o\u00f9 j\u2019\u00e9cris cet article, dix autres cas ont \u00e9t\u00e9 signal\u00e9s \u2013 tous, jusqu\u2019\u00e0 pr\u00e9sent, parmi des personnes en quarantaine.<\/p>\n<p>La bande de Gaza est l\u2019une des r\u00e9gions du monde les plus dens\u00e9ment peupl\u00e9es.<\/p>\n<p>Son syst\u00e8me de sant\u00e9 a \u00e9t\u00e9 mortellement min\u00e9 par plus d\u2019une d\u00e9cennie de sanctions et de blocus impos\u00e9s par les Isra\u00e9liens.<\/p>\n<p>Les militants des droits de l\u2019homme et les experts de la sant\u00e9 redoutent une catastrophe humanitaire si la pand\u00e9mie s\u2019installe ici.<\/p>\n<p>Nous avons commenc\u00e9 \u00e0 prendre des mesures d\u2019isolement bien avant d\u2019avoir des cas confirm\u00e9s. Mais alors, et longtemps avant que quiconque n\u2019ait jamais entendu parler de ce coronavirus, nous, \u00e0 Gaza, nous avions d\u00e9j\u00e0 \u00e9t\u00e9 forc\u00e9s de pratiquer une distanciation \u00ab\u00a0<em>sociale<\/em>\u00a0\u00bb ou \u2013 comme on nous demande de l\u2019appeler maintenant \u2013 une distanciation \u00ab\u00a0<em>physique<\/em>\u00a0\u00bb. Dans notre cas, c\u2019\u00e9tait une distanciation du reste du monde.<\/p>\n<p>Le blocus isra\u00e9lien de Gaza date de pr\u00e8s de 13 ans. Plus du quart des deux millions d\u2019habitants de Gaza \u2013 notre population est tr\u00e8s jeune \u2013 n\u2019auront connu rien d\u2019autre que des difficult\u00e9s et un isolement qui leur sont impos\u00e9s par une force militaire implacable qui bombarde et tue \u00e0 volont\u00e9.<\/p>\n<p>De sorte que nous sommes tous habitu\u00e9s \u00e0 passer du temps enferm\u00e9s, incapables de sortir par peur des cons\u00e9quences mortelles.<\/p>\n<p>Lors de la derni\u00e8re agression isra\u00e9lienne, la plus importante, en 2014, je suis rest\u00e9e chez moi pendant 51 jours alors que les bombes et les missiles tombaient dru sur nous, semant la mort et la destruction.<\/p>\n<p>Au 42<sup>e<\/sup>\u00a0jour, je n\u2019ai plus pu le supporter. J\u2019ai demand\u00e9 \u00e0 mon p\u00e8re \u2013 je vivais alors avec mes parents \u2013 de m\u2019emmener en promenade, ne serait-ce que quelques minutes. D\u2019abord, il a refus\u00e9, craignant pour notre s\u00e9curit\u00e9. Mais quand il s\u2019est aper\u00e7u de l\u2019urgence et de mon insistance, il a accept\u00e9, \u00e0 contrecoeur.<\/p>\n<p>Nous nous sommes promen\u00e9s dans notre quartier, \u00e0 l\u2019est de la ville de Gaza, pendant peut-\u00eatre 15 minutes. Je voulais de l\u2019air frais mais j\u2019ai trouv\u00e9 qu\u2019il \u00e9tait m\u00e9lang\u00e9 \u00e0 l\u2019odeur de la poudre. Le ciel n\u2019\u00e9tait pas vide d\u2019avions militaires. Pourtant j\u2019ai savour\u00e9 chaque instant.<\/p>\n<p>Cette fois, l\u2019isolement est diff\u00e9rent. Cette fois, il est silencieux.<\/p>\n<h3><strong>Bienvenue \u00e0 Gaza<\/strong><\/h3>\n<p>Cette fois, je n\u2019ai pas l\u2019impression de pouvoir briser mon isolement. Maintenant, je suis m\u00e8re de deux enfants. Ma responsabilit\u00e9 est de rester \u00e0 la maison, quoi qu\u2019il arrive.<\/p>\n<p>Et je ne peux pas m\u2019emp\u00eacher de penser que le confinement que le coronavirus inflige dans de grandes parties du monde est en train de montrer \u00e0 tous un peu de ce qu\u2019est la vie \u00e0 Gaza.<\/p>\n<p>Vous ne pouvez plus visiter des pays \u00e9trangers ni voyager en avion\u00a0? Bienvenue \u00e0 Gaza. J\u2019ai bient\u00f4t 29 ans, et je n\u2019ai jamais pris l\u2019avion.<\/p>\n<p>Vous n\u2019\u00eates pas autoris\u00e9s \u00e0 vous d\u00e9placer de plus de quelques kilom\u00e8tres de votre domicile au risque de subir le courroux des autorit\u00e9s\u00a0? Bienvenue dans la minuscule Gaza, o\u00f9 les fronti\u00e8res terrestres et maritimes sont fix\u00e9es par une arm\u00e9e \u2013 des arm\u00e9es, puisque l\u2019\u00c9gypte est elle aussi impliqu\u00e9e \u2013 qui n\u2019ont aucun scrupule \u00e0 utiliser une force meurtri\u00e8re pour vous interdire de tels d\u00e9placements.<\/p>\n<p>Vous ne pouvez plus vous rendre dans un h\u00f4pital parce que le syst\u00e8me de sant\u00e9 est submerg\u00e9 par les urgences\u00a0? Bienvenue \u00e0 Gaza, 2008-09, 2012, 2014. Maintenant.<\/p>\n<p>Vous craignez pour votre approvisionnement en m\u00e9dicaments, en eau potable, en nourriture et en \u00e9lectricit\u00e9\u00a0? Bienvenue \u00e0 Gaza, o\u00f9 la moiti\u00e9 des m\u00e9dicaments essentiels ne sont tout simplement pas disponibles selon le minist\u00e8re de la Sant\u00e9 d\u2019ici, et o\u00f9 l\u2019autre moiti\u00e9 a moins d\u2019un mois de stock selon les Nations-Unies.<\/p>\n<p>Bienvenue \u00e0 Gaza, o\u00f9 l\u2019eau du robinet est impropre \u00e0 la consommation humaine, o\u00f9 quelques 70 % de la population est en ins\u00e9curit\u00e9 alimentaire, et o\u00f9 l\u2019\u00e9lectricit\u00e9 n\u2019est disponible que par intermittence.<\/p>\n<p>Si les syst\u00e8mes de sant\u00e9 les plus avanc\u00e9s du monde sont incapables de faire face \u00e0 la pand\u00e9mie, imaginez ce qu\u2019il en est pour le reste du monde o\u00f9 les syst\u00e8mes de sant\u00e9 ne sont pas aussi d\u00e9velopp\u00e9s.<\/p>\n<p>Ajoutez ensuite l\u2019occupation militaire.<\/p>\n<p>Bienvenue \u00e0 Gaza.<\/p>\n<p>Selon moi, il existe cependant une grande diff\u00e9rence entre le confinement du coronavirus et ce qui nous est impos\u00e9 par l\u2019occupation isra\u00e9lienne\u00a0: le virus, lui, est invisible. Mais les cons\u00e9quences du blocus isra\u00e9lien sautent aux yeux de tous.<\/p>\n<p>Vous les voyez, bien entendu. Mais sans rien ressentir. Il n\u2019y avait que nous \u00e0 les ressentir. Jusqu\u2019\u00e0 maintenant. Peut-\u00eatre.<\/p>\n<h3><strong>Les pr\u00e9paratifs<\/strong><\/h3>\n<p>Les autorit\u00e9s ici ont essay\u00e9 de se pr\u00e9parer au mieux. Les quelques personnes qui ont pu entrer \u00e0 Gaza venant de l\u2019ext\u00e9rieur ont \u00e9t\u00e9 plac\u00e9es en quarantaine d\u00e8s le 15 mars. Celles qui ont \u00e9t\u00e9 test\u00e9es positif ont \u00e9t\u00e9 isol\u00e9es. Le reste d\u2019entre nous est confin\u00e9.<\/p>\n<p>Mais le minist\u00e8re de la Sant\u00e9 est douloureusement conscient des insuffisances.<\/p>\n<p>La v\u00e9ritable crainte, a d\u00e9clar\u00e9 \u00e0\u00a0<em>The Electronic Intifada<\/em>, <a href=\"https:\/\/electronicintifada.net\/tags\/ashraf-al-qedra\">Ashraf al-Qedra<\/a>, le porte-parole du minist\u00e8re, \u00ab\u00a0<em>c\u2019est le manque de ressources\u00a0: les m\u00e9dicaments, les \u00e9quipements de protection, les appareils respiratoires, les fournitures pour les laboratoires, et les outils de st\u00e9rilisation<\/em>\u00a0\u00bb.<\/p>\n<p>Selon les Nations-Unies, la capacit\u00e9 du syst\u00e8me de sant\u00e9 palestinien en g\u00e9n\u00e9ral \u00e0 faire face \u00e0 la propagation \u00ab\u00a0<em>attendue<\/em>\u00a0\u00bb de la pand\u00e9mie est \u00ab\u00a0<em>gravement limit\u00e9e<\/em>\u00a0\u00bb, et en particulier \u00e0 Gaza.<\/p>\n<p>Le minist\u00e8re de Gaza a lanc\u00e9 un appel international pour une aide en urgence de 23 millions de dollars. Les Nations-Unies ont calcul\u00e9 que les besoins palestiniens, en g\u00e9n\u00e9ral, \u00e9tait de 34 millions de dollars au 26 mars.<\/p>\n<p>Dans le m\u00eame temps, les \u00e9tablissements scolaires \u00e9tant ferm\u00e9s, le ministre a mis sous s\u00e9questre les b\u00e2timents scolaires pour les utiliser comme centres pour les quarantaines. Selon al-Qedra, plus de 1700 personnes sont actuellement en quarantaine, dont 1000 ont besoin de soins m\u00e9dicaux.<\/p>\n<p>3% de la population de Gaza a plus de 65 ans et est parmi les plus vuln\u00e9rables. Pr\u00e8s de 8 % souffrent d\u2019hypertension et de diab\u00e8te, affirme al-Qedra.<\/p>\n<p>Et la situation \u00e9conomique \u00e0 Gaza est peut-\u00eatre aussi probl\u00e9matique que celle du secteur de la sant\u00e9.<\/p>\n<p>Pr\u00e8s de 50 % de la population de Gaza est d\u00e9j\u00e0 sans emploi, pendant que les 50 autres % est en dessous du seuil officiel de pauvret\u00e9.<\/p>\n<p>Maintenant, les nombreux travailleurs occasionnels, qui en avaient \u00e0 peine assez pour commencer, ont vu leurs revenus tomber \u00e0 z\u00e9ro du jour au lendemain.<\/p>\n<p>Les anciens salari\u00e9s de l\u2019Autorit\u00e9 palestinienne sont eux aussi en difficult\u00e9. En 2017, l\u2019AP a r\u00e9duit de moiti\u00e9 son personnel. Maintenant, comme un ami qui ne voulait pas donner son nom, ils ont \u00e0 peine les moyens de se nourrir.<\/p>\n<p>\u00ab\u00a0<em>Ce qui me reste de mon salaire ne commence m\u00eame pas \u00e0 couvrir les besoins mensuels de ma famille<\/em>\u00a0\u00bb.<\/p>\n<p>Je fais peut-\u00eatre partie des personnes chanceuses de Gaza. J\u2019ai pu jusqu\u2019\u00e0 pr\u00e9sent acheter de la nourriture, des produits non alimentaires, et st\u00e9riliser de l\u2019alcool et du savon.<\/p>\n<p>Et bien s\u00fbr, il n\u2019existe aucune garantie contre un manque de consid\u00e9ration ou d\u2019\u00e9ducation. Si moi et tous ceux que je connais nous nous isolons, certains ne le font pas.<\/p>\n<p>Un regard sur les m\u00e9dias sociaux et j\u2019en vois beaucoup qui continuent \u00e0 se rassembler avec des amis ou de la famille, m\u00eame \u00e0 organiser des mariages \u00e0 la maison \u2013 \u00e7a ne peut \u00eatre qu\u2019\u00e0 la maison, les salles de mariage sont toutes ferm\u00e9es.<\/p>\n<p>Je regarde par ma fen\u00eatre, et je vois des gar\u00e7ons dans la rue, comme s\u2019ils \u00e9taient en cong\u00e9.<\/p>\n<p>Une telle n\u00e9gligence \u2013 parfois due \u00e0 un besoin de travailler, parfois, peut-\u00eatre, simplement \u00e0 celui de ne pas prendre cet ennemi invisible au s\u00e9rieux dans un endroit o\u00f9 les menaces meurtri\u00e8res ont un visage trop familier et trop visible \u2013 une telle n\u00e9gligence m\u2019inqui\u00e8te. J\u2019ai le sentiment que nous allons peut-\u00eatre devoir souffrir de l\u2019isolement encore longtemps.<\/p>\n<p>D\u00e8s 2012, les Nations-Unies ont pr\u00e9venu que Gaza deviendrait invivable d\u2019ici 2020.<\/p>\n<p>Il semble que 2020 ait ses propres projets, non seulement pour Gaza, mais pour le monde entier.<\/p>\n<p><em>Sarah Algherbawi est une \u00e9crivaine et traductrice ind\u00e9pendante.<\/em><\/p>\n<div id=\"ffenetremailtomailModal\">\n<div id=\"ffenetremailtopopupModalMail\">\n<div id=\"ffenetremailtotoModalClose\"><\/div>\n<div id=\"ffenetremailtopopupQuestion\">What do you want to do ?<\/div>\n<p><a id=\"ffenetremailtoemailOpen\"><\/a>New mail<button id=\"ffenetremailtobuttonEmail\">Copy<\/button><textarea id=\"ffenetremailtotextArea\"><\/textarea><\/p>\n<\/div>\n<\/div>\n<div><img \/><\/div>\n<div id=\"ffenetremailtomailModal\">\n<div id=\"ffenetremailtopopupModalMail\">\n<div id=\"ffenetremailtotoModalClose\"><\/div>\n<div id=\"ffenetremailtopopupQuestion\">What do you want to do ?<\/div>\n<p><a id=\"ffenetremailtoemailOpen\"><\/a>New mail<button id=\"ffenetremailtobuttonEmail\">Copy<\/button><textarea id=\"ffenetremailtotextArea\"><\/textarea><\/div>\n<\/div>\n<div><img \/><\/div>\n","protected":false},"excerpt":{"rendered":"<p>Par Sarah Algherbawi, 2 avril 2020 Des artistes de la bande dens\u00e9ment peupl\u00e9e de Gaza ont lanc\u00e9, le 30 mars, une initiative pour encourager les habitants \u00e0 porter des masques afin d\u2019aider \u00e0 enrayer la propagation du coronavirus. (Ahmad Hasaballah IMAGESLIVE) J\u2019\u00e9cris cet article pendant la deuxi\u00e8me semaine d\u2019isolement. Le coronavirus est arriv\u00e9 \u00e0 Gaza [&hellip;]<\/p>\n","protected":false},"author":8752,"featured_media":0,"comment_status":"open","ping_status":"closed","sticky":false,"template":"","format":"standard","meta":{"footnotes":""},"categories":[11,10],"tags":[],"class_list":["post-1963","post","type-post","status-publish","format-standard","hentry","category-enfermements","category-prevention"],"_links":{"self":[{"href":"https:\/\/tardigrada.noblogs.org\/index.php?rest_route=\/wp\/v2\/posts\/1963","targetHints":{"allow":["GET"]}}],"collection":[{"href":"https:\/\/tardigrada.noblogs.org\/index.php?rest_route=\/wp\/v2\/posts"}],"about":[{"href":"https:\/\/tardigrada.noblogs.org\/index.php?rest_route=\/wp\/v2\/types\/post"}],"author":[{"embeddable":true,"href":"https:\/\/tardigrada.noblogs.org\/index.php?rest_route=\/wp\/v2\/users\/8752"}],"replies":[{"embeddable":true,"href":"https:\/\/tardigrada.noblogs.org\/index.php?rest_route=%2Fwp%2Fv2%2Fcomments&post=1963"}],"version-history":[{"count":2,"href":"https:\/\/tardigrada.noblogs.org\/index.php?rest_route=\/wp\/v2\/posts\/1963\/revisions"}],"predecessor-version":[{"id":1986,"href":"https:\/\/tardigrada.noblogs.org\/index.php?rest_route=\/wp\/v2\/posts\/1963\/revisions\/1986"}],"wp:attachment":[{"href":"https:\/\/tardigrada.noblogs.org\/index.php?rest_route=%2Fwp%2Fv2%2Fmedia&parent=1963"}],"wp:term":[{"taxonomy":"category","embeddable":true,"href":"https:\/\/tardigrada.noblogs.org\/index.php?rest_route=%2Fwp%2Fv2%2Fcategories&post=1963"},{"taxonomy":"post_tag","embeddable":true,"href":"https:\/\/tardigrada.noblogs.org\/index.php?rest_route=%2Fwp%2Fv2%2Ftags&post=1963"}],"curies":[{"name":"wp","href":"https:\/\/api.w.org\/{rel}","templated":true}]}}