{"id":1795,"date":"2019-11-17T18:10:30","date_gmt":"2019-11-17T17:10:30","guid":{"rendered":"https:\/\/tardigrada.noblogs.org\/?p=1795"},"modified":"2019-11-18T16:42:29","modified_gmt":"2019-11-18T15:42:29","slug":"manifestation-regionale-contre-les-violences-faites-aux-femmes-samedi-23-novembre","status":"publish","type":"post","link":"https:\/\/tardigrada.noblogs.org\/?p=1795","title":{"rendered":"Manifestation R\u00e9gionale contre les violences faites aux femmes ! Samedi 23 Novembre RDV \u00e0 Toulouse."},"content":{"rendered":"<h3><img loading=\"lazy\" decoding=\"async\" class=\"wp-image-1796 size-medium alignright\" src=\"https:\/\/tardigrada.noblogs.org\/files\/2019\/11\/75282296_477373616464657_5188629044018544640_n-212x300.jpg\" alt=\"\" width=\"212\" height=\"300\" srcset=\"https:\/\/tardigrada.noblogs.org\/files\/2019\/11\/75282296_477373616464657_5188629044018544640_n-212x300.jpg 212w, https:\/\/tardigrada.noblogs.org\/files\/2019\/11\/75282296_477373616464657_5188629044018544640_n.jpg 678w\" sizes=\"auto, (max-width: 212px) 100vw, 212px\" \/><\/h3>\n<h3>Contre les violences faites aux femmes, riposte f\u00e9ministe !<br \/>\nManifestation organis\u00e9e par l&rsquo;assembl\u00e9e f\u00e9ministe Toutes en Gr\u00e8ve.<\/h3>\n<p><span style=\"color: #800080\"><strong>Appel \u00e0 la manifestation du 23 novembre 2019, \u00e0 13h \u00e0 Palais de Justice \u00e0 Toulouse<\/strong><\/span><\/p>\n<p>Aujourd\u2019hui en France, une femme meurt tous les deux jours \u00e0 cause des violences conjugales.<\/p>\n<p>Ces f\u00e9minicides sont de plus en plus visibles, gr\u00e2ce au d\u00e9compte fait par la page F\u00e9minicides par compagnon ou ex, ou encore gr\u00e2ce aux initiatives de collages de rue qui se sont multipli\u00e9 dans de nombreuses villes de France. Mais rien ne semble enrayer ce rythme macabre, surtout pas le Grenelle des violences conjugales lanc\u00e9 le 3 septembre dernier par le gouvernement. C\u2019est pourquoi nous appelons \u00e0 manifester le samedi 23 novembre contre les violences sexistes et sexuelles et pour d\u00e9noncer l\u2019inaction du gouvernement !<\/p>\n<p>Sans surprise, ce gouvernement s\u2019assoit sur 40 ans de militantisme f\u00e9ministe et d\u2019accompagnement des victimes pour proposer des mesures hors-sols qui n\u2019entreront en vigueur qu\u2019en 2020 ou 2021. On nous annonce 1 milliard d\u2019euros, mais on ne nous pr\u00e9cise pas que seuls 50% sont confirm\u00e9s et que 75% sont destin\u00e9s \u00e0 la coop\u00e9ration internationale. Nous voulons des moyens pour des besoins pr\u00e9cis et identifi\u00e9s depuis longtemps par les associations de terrain : plus de moyens pour les associations et les lieux d\u2019accueils, des possibilit\u00e9s d\u2019h\u00e9bergement sans conditions, l\u2019acc\u00e8s gratuit \u00e0 un suivi m\u00e9dical et psychologique, un traitement r\u00e9el des plaintes et des appels des victimes, l\u2019\u00e9loignement de l\u2019agresseur, de v\u00e9ritables campagnes nationales de pr\u00e9vention, des formations \u00e0 tous les \u00e9tages des professionel\u00b7le\u00b7s, une autre politique d\u2019\u00e9ducation nationale int\u00e9grant l\u2019apprentissage au respect des autres, au consentement et contre les discriminations\u2026<br \/>\nPar ailleurs, une politique contre les violences faites aux femmes cons\u00e9quente ne peut \u00eatre men\u00e9e en parall\u00e8le de la casse des services publics, de l\u2019assurance ch\u00f4mage et des retraites qui pr\u00e9carise toujours plus les femmes et nuit \u00e0 leur autonomie : pour cela, nous nous opposons aussi \u00e0 l\u2019ensemble des politiques n\u00e9olib\u00e9rales mortif\u00e8res du gouvernement !<\/p>\n<p>Nous exigeons une r\u00e9ponse globale car les f\u00e9minicides ne sont pas des faits isol\u00e9s. Ils s\u2019inscrivent dans un syst\u00e8me qui permet et maintient l\u2019oppression de toutes les femmes.<br \/>\nCette manifestation s\u2019inscrit dans le cadre de la journ\u00e9e internationale de lutte contre les violences faites aux femmes, initi\u00e9e en 1981 en Am\u00e9rique Latine et aux Cara\u00efbes. Nous manifesterons donc aussi contre les violences que subissent toutes les femmes, partout dans le monde : contre les assassinats de personnes trans, des lesbiennes ou de femmes sans papiers, contre l\u2019islamophobie et l&rsquo;antis\u00e9mitisme, contre les meurtres de prostitu\u00e9es, contre la traite des femmes, contre les assassinats massifs de femmes au Mexique, les viols par la police et l\u2019arm\u00e9e au Chili ou le massacre des soldates kurdes, etc.<\/p>\n<p>A Toulouse la mobilisation contre les violences sexistes et de genre grandit. 2500 personnes, majoritairement des femmes, ont manifest\u00e9 le jeudi 3 octobre. Au coll\u00e8ge Lamartine, des viols collectifs ont \u00e9t\u00e9 couvert par l\u2019\u00e9ducation nationale, ce qui entra\u00eene une mobilisation importante pour en finir avec l\u2019omerta.<br \/>\nNous devons continuer \u00e0 \u00eatre nombreuses et nombreux \u00e0 occuper l\u2019espace. Nous appelons donc \u00e0 une manifestation r\u00e9gionale sur Toulouse le samedi 23 novembre 2019 \u00e0 13h afin d\u2019\u00eatre massivement pr\u00e9sent-e-s dans la rue et d\u2019amplifier la mobilisation qui ne devra pas s\u2019arr\u00eater apr\u00e8s cette date !<\/p>\n","protected":false},"excerpt":{"rendered":"<p>Contre les violences faites aux femmes, riposte f\u00e9ministe ! Manifestation organis\u00e9e par l&rsquo;assembl\u00e9e f\u00e9ministe Toutes en Gr\u00e8ve. Appel \u00e0 la manifestation du 23 novembre 2019, \u00e0 13h \u00e0 Palais de Justice \u00e0 Toulouse Aujourd\u2019hui en France, une femme meurt tous les deux jours \u00e0 cause des violences conjugales. Ces f\u00e9minicides sont de plus en plus [&hellip;]<\/p>\n","protected":false},"author":8752,"featured_media":0,"comment_status":"open","ping_status":"closed","sticky":false,"template":"","format":"standard","meta":{"footnotes":""},"categories":[11,8,10,17],"tags":[],"class_list":["post-1795","post","type-post","status-publish","format-standard","hentry","category-enfermements","category-genre","category-prevention","category-rdv"],"_links":{"self":[{"href":"https:\/\/tardigrada.noblogs.org\/index.php?rest_route=\/wp\/v2\/posts\/1795","targetHints":{"allow":["GET"]}}],"collection":[{"href":"https:\/\/tardigrada.noblogs.org\/index.php?rest_route=\/wp\/v2\/posts"}],"about":[{"href":"https:\/\/tardigrada.noblogs.org\/index.php?rest_route=\/wp\/v2\/types\/post"}],"author":[{"embeddable":true,"href":"https:\/\/tardigrada.noblogs.org\/index.php?rest_route=\/wp\/v2\/users\/8752"}],"replies":[{"embeddable":true,"href":"https:\/\/tardigrada.noblogs.org\/index.php?rest_route=%2Fwp%2Fv2%2Fcomments&post=1795"}],"version-history":[{"count":4,"href":"https:\/\/tardigrada.noblogs.org\/index.php?rest_route=\/wp\/v2\/posts\/1795\/revisions"}],"predecessor-version":[{"id":1801,"href":"https:\/\/tardigrada.noblogs.org\/index.php?rest_route=\/wp\/v2\/posts\/1795\/revisions\/1801"}],"wp:attachment":[{"href":"https:\/\/tardigrada.noblogs.org\/index.php?rest_route=%2Fwp%2Fv2%2Fmedia&parent=1795"}],"wp:term":[{"taxonomy":"category","embeddable":true,"href":"https:\/\/tardigrada.noblogs.org\/index.php?rest_route=%2Fwp%2Fv2%2Fcategories&post=1795"},{"taxonomy":"post_tag","embeddable":true,"href":"https:\/\/tardigrada.noblogs.org\/index.php?rest_route=%2Fwp%2Fv2%2Ftags&post=1795"}],"curies":[{"name":"wp","href":"https:\/\/api.w.org\/{rel}","templated":true}]}}