{"id":1783,"date":"2019-12-08T18:10:40","date_gmt":"2019-12-08T17:10:40","guid":{"rendered":"https:\/\/tardigrada.noblogs.org\/?p=1783"},"modified":"2019-12-28T18:03:15","modified_gmt":"2019-12-28T17:03:15","slug":"soiree-autour-de-lindustrialisation-des-forets-en-france","status":"publish","type":"post","link":"https:\/\/tardigrada.noblogs.org\/?p=1783","title":{"rendered":"Soir\u00e9e autour de l&rsquo;industrialisation des for\u00eats en france"},"content":{"rendered":"<h4 style=\"text-align: center\"><strong>.Jeudi 19 D\u00e9cembre<\/strong> \u00e0 la Buerie.<\/h4>\n<h4 style=\"text-align: center\">Projection<strong> \u00ab\u00a0Le temps des for\u00eats\u00a0\u00bb<\/strong><\/h4>\n<p style=\"text-align: center\">de Fran\u00e7ois-Xavier Drouet (2018).<\/p>\n<p style=\"text-align: center\">R\u00e9flexions autour de l&rsquo;industrialisation des for\u00eats en france.<\/p>\n<p style=\"text-align: center\">Ouverture du lieu d\u00e9s 18h.<\/p>\n<p style=\"text-align: center\">Projection pr\u00e9vue \u00e0 19h.<\/p>\n<p style=\"text-align: center\">Discussion apr\u00e9s le film avec la participation du Collectif SOS Forets 09.<\/p>\n<p style=\"text-align: center\">Soir\u00e9e \u00e0 prix libre.<\/p>\n<p style=\"text-align: center\">Soupe sur place.<\/p>\n<p style=\"text-align: center\"><img loading=\"lazy\" decoding=\"async\" class=\"aligncenter wp-image-1784 size-full\" src=\"https:\/\/tardigrada.noblogs.org\/files\/2019\/11\/3d6c5d7_5ujoJi-MGxh6_sP-gV70tz0j.jpg\" alt=\"\" width=\"688\" height=\"459\" srcset=\"https:\/\/tardigrada.noblogs.org\/files\/2019\/11\/3d6c5d7_5ujoJi-MGxh6_sP-gV70tz0j.jpg 688w, https:\/\/tardigrada.noblogs.org\/files\/2019\/11\/3d6c5d7_5ujoJi-MGxh6_sP-gV70tz0j-300x200.jpg 300w\" sizes=\"auto, (max-width: 688px) 100vw, 688px\" \/><\/p>\n<p>La Buerie &#8211; Brouzenac &#8211; 09240 La Bastide de S\u00e9rou &#8211; entre Foix et St Girons &#8211; tournez \u00e0 Allieres sur la 117 puis suivez les panneaux&#8230;<\/p>\n<div id=\"ffenetremailtomailModal\">\n<div id=\"ffenetremailtopopupModalMail\">\n<div id=\"ffenetremailtotoModalClose\"><\/div>\n<div id=\"ffenetremailtopopupQuestion\">What do you want to do ?<\/div>\n<p><a id=\"ffenetremailtoemailOpen\"><\/a>New mail<button id=\"ffenetremailtobuttonEmail\">Copy<\/button><textarea id=\"ffenetremailtotextArea\"><\/textarea><\/p>\n<\/div>\n<\/div>\n<div><\/div>\n<div id=\"ffenetremailtomailModal\">\n<div id=\"ffenetremailtopopupModalMail\">\n<div id=\"ffenetremailtotoModalClose\"><\/div>\n<div id=\"ffenetremailtopopupQuestion\">What do you want to do ?<\/div>\n<p><a id=\"ffenetremailtoemailOpen\"><\/a>New mail<button id=\"ffenetremailtobuttonEmail\">Copy<\/button><textarea id=\"ffenetremailtotextArea\"><\/textarea><\/p>\n<\/div>\n<\/div>\n<div><\/div>\n<div id=\"ffenetremailtomailModal\">\n<div id=\"ffenetremailtopopupModalMail\">\n<div id=\"ffenetremailtotoModalClose\"><\/div>\n<div id=\"ffenetremailtopopupQuestion\">What do you want to do ?<\/div>\n<p><a id=\"ffenetremailtoemailOpen\"><\/a>New mail<button id=\"ffenetremailtobuttonEmail\">Copy<\/button><textarea id=\"ffenetremailtotextArea\"><\/textarea><\/p>\n<\/div>\n<\/div>\n<div><img \/><\/div>\n<div id=\"ffenetremailtomailModal\">\n<div id=\"ffenetremailtopopupModalMail\">\n<div id=\"ffenetremailtotoModalClose\"><\/div>\n<div id=\"ffenetremailtopopupQuestion\">What do you want to do ?<\/div>\n<p><a id=\"ffenetremailtoemailOpen\"><\/a>New mail<button id=\"ffenetremailtobuttonEmail\">Copy<\/button><textarea id=\"ffenetremailtotextArea\"><\/textarea><\/div>\n<\/div>\n<div><img \/><\/div>\n","protected":false},"excerpt":{"rendered":"<p>.Jeudi 19 D\u00e9cembre \u00e0 la Buerie. Projection \u00ab\u00a0Le temps des for\u00eats\u00a0\u00bb de Fran\u00e7ois-Xavier Drouet (2018). R\u00e9flexions autour de l&rsquo;industrialisation des for\u00eats en france. Ouverture du lieu d\u00e9s 18h. Projection pr\u00e9vue \u00e0 19h. Discussion apr\u00e9s le film avec la participation du Collectif SOS Forets 09. Soir\u00e9e \u00e0 prix libre. Soupe sur place. La Buerie &#8211; Brouzenac [&hellip;]<\/p>\n","protected":false},"author":8752,"featured_media":0,"comment_status":"open","ping_status":"closed","sticky":false,"template":"","format":"standard","meta":{"footnotes":""},"categories":[15,10,17],"tags":[],"class_list":["post-1783","post","type-post","status-publish","format-standard","hentry","category-cinema","category-prevention","category-rdv"],"_links":{"self":[{"href":"https:\/\/tardigrada.noblogs.org\/index.php?rest_route=\/wp\/v2\/posts\/1783","targetHints":{"allow":["GET"]}}],"collection":[{"href":"https:\/\/tardigrada.noblogs.org\/index.php?rest_route=\/wp\/v2\/posts"}],"about":[{"href":"https:\/\/tardigrada.noblogs.org\/index.php?rest_route=\/wp\/v2\/types\/post"}],"author":[{"embeddable":true,"href":"https:\/\/tardigrada.noblogs.org\/index.php?rest_route=\/wp\/v2\/users\/8752"}],"replies":[{"embeddable":true,"href":"https:\/\/tardigrada.noblogs.org\/index.php?rest_route=%2Fwp%2Fv2%2Fcomments&post=1783"}],"version-history":[{"count":7,"href":"https:\/\/tardigrada.noblogs.org\/index.php?rest_route=\/wp\/v2\/posts\/1783\/revisions"}],"predecessor-version":[{"id":1817,"href":"https:\/\/tardigrada.noblogs.org\/index.php?rest_route=\/wp\/v2\/posts\/1783\/revisions\/1817"}],"wp:attachment":[{"href":"https:\/\/tardigrada.noblogs.org\/index.php?rest_route=%2Fwp%2Fv2%2Fmedia&parent=1783"}],"wp:term":[{"taxonomy":"category","embeddable":true,"href":"https:\/\/tardigrada.noblogs.org\/index.php?rest_route=%2Fwp%2Fv2%2Fcategories&post=1783"},{"taxonomy":"post_tag","embeddable":true,"href":"https:\/\/tardigrada.noblogs.org\/index.php?rest_route=%2Fwp%2Fv2%2Ftags&post=1783"}],"curies":[{"name":"wp","href":"https:\/\/api.w.org\/{rel}","templated":true}]}}