{"id":1524,"date":"2018-09-24T11:27:11","date_gmt":"2018-09-24T09:27:11","guid":{"rendered":"https:\/\/tardigrada.noblogs.org\/?p=1524"},"modified":"2018-09-24T11:49:19","modified_gmt":"2018-09-24T09:49:19","slug":"pour-larret-des-mutilations-des-enfants-intersexes","status":"publish","type":"post","link":"https:\/\/tardigrada.noblogs.org\/?p=1524","title":{"rendered":"Pour l\u2019arr\u00eat des mutilations des enfants intersexes."},"content":{"rendered":"<p><img loading=\"lazy\" decoding=\"async\" class=\"aligncenter size-medium wp-image-1540\" src=\"https:\/\/tardigrada.noblogs.org\/files\/2018\/09\/ZZpSdFtNORYkwDK-800x450-noPad.jpg-300x169.png\" alt=\"\" width=\"300\" height=\"169\" srcset=\"https:\/\/tardigrada.noblogs.org\/files\/2018\/09\/ZZpSdFtNORYkwDK-800x450-noPad.jpg-300x169.png 300w, https:\/\/tardigrada.noblogs.org\/files\/2018\/09\/ZZpSdFtNORYkwDK-800x450-noPad.jpg-768x432.png 768w, https:\/\/tardigrada.noblogs.org\/files\/2018\/09\/ZZpSdFtNORYkwDK-800x450-noPad.jpg.png 800w\" sizes=\"auto, (max-width: 300px) 100vw, 300px\" \/>Aujourd\u2019hui en France, les enfants intersexes* sont toujours soumi-se-s \u00e0 des op\u00e9rations chirurgicales ou\/et des traitements hormonaux sans leur consentement \u00e9clair\u00e9 et sans n\u00e9cessit\u00e9 de sant\u00e9.<\/p>\n<p>Ces actes constituent des violations des droits humains et ont \u00e9t\u00e9 condamn\u00e9s \u00e0 plusieurs reprises par l\u2019ONU en 2016 (Comit\u00e9 des droits de l\u2019Enfant, Comit\u00e9 pour l\u2019\u00e9limination de la discrimination \u00e0 l\u2019\u00e9gard des femmes, et Comit\u00e9 contre la torture).<\/p>\n<p>Des associations internationales de d\u00e9fense des droits humains telles que Human Rights Watch et Amnesty International se sont ouvertement positionn\u00e9es pour l\u2019arr\u00eat de ces pratiques.<\/p>\n<p>En France, la DILCRAH appelle \u00e0 l\u2019arr\u00eat de ces mutilations. En mai dernier la Commission Nationale Consultative des Droits de l\u2019Homme, et en juillet le Conseil d\u2019\u00c9tat ont publi\u00e9 des avis dans le m\u00eame sens.<\/p>\n<p>Pourtant, les protocoles m\u00e9dicaux continuent \u00e0 recommander ces pratiques, et les \u00e9quipes m\u00e9dicales \u00e0 les effectuer.<\/p>\n<p>Nous r\u00e9affirmons que les variations intersexes sont des variations saines du vivant, et dans leur immense majorit\u00e9 sans danger pour la vie de l\u2019enfant. Elles ne devraient pas conduire \u00e0 de la stigmatisation et \u00e0 de la m\u00e9dicalisation inutile et n\u00e9faste. A l\u2019instar de l\u2019homosexualit\u00e9, l\u2019intersexuation n\u2019a pas \u00e0 \u00eatre soign\u00e9e : c\u2019est \u00e0 la soci\u00e9t\u00e9 d\u2019accepter sa propre diversit\u00e9.<\/p>\n<p>Le soutien psychologique d\u2019un-e enfant et de sa famille doit \u00eatre librement choisi, et approcher la question de mani\u00e8re non stigmatisante et non pathologique.<\/p>\n<p>Le droit des enfants \u00e0 l\u2019int\u00e9grit\u00e9 physique et sexuelle est un droit inali\u00e9nable. Pour les enfants intersexes comme pour les autres, cela implique le droit de choisir si, quand, et comment, leur corps sera modifi\u00e9.<\/p>\n<p>Cela implique l\u2019exercice de leur consentement libre et \u00e9clair\u00e9, \u00e0 un \u00e2ge o\u00f9 il est possible de prendre une d\u00e9cision mature qui aura des cons\u00e9quences importantes, et avec des informations provenant de sources vari\u00e9es, notamment d\u2019autres personnes intersexes.<\/p>\n<p>Il n\u2019y a aucune urgence \u00e0 agir m\u00e9dicalement sur un corps sain d\u2019enfant. Il n\u2019est pas du ressort des m\u00e9decins ou des parents de d\u00e9cider d\u2019attenter \u00e0 l\u2019int\u00e9grit\u00e9 physique d\u2019un-e mineur-e sans n\u00e9cessit\u00e9 vitale. Une circulaire de rappel \u00e0 la loi s\u2019impose.<\/p>\n<p>C\u2019est \u00e0 l\u2019enfant intersexe lui\/elle-m\u00eame de d\u00e9cider.<\/p>\n<p>Changer son corps ou non, ce sera son choix.<\/p>\n<p>*qui pr\u00e9sentent des caract\u00e9ristiques sexuelles qui ne correspondent pas aux d\u00e9finitions binaires typiquement m\u00e2le ou typiquement femelle, que ces caract\u00e9ristiques soient visibles \u00e0 la naissance ou apparaissent plus tard au cours de la vie, notamment \u00e0 la pubert\u00e9.<\/p>\n<p>Premier-e-s signataires :<\/p>\n<p>Collectif Intersexes et Alli\u00e9.e.s,<\/p>\n<p>Pour une M\u00e9decine Engag\u00e9e Unie et F\u00e9ministe,<\/p>\n<p>Mouvement Fran\u00e7ais pour le Planning Familial,<\/p>\n<p>FierEs,<\/p>\n<p>La BAFFE,<\/p>\n<p>GARCES,<\/p>\n<p>Droit au corps,<\/p>\n<p>SOS Homophobie,<\/p>\n<p>Le Centre LGBT de Paris Ile-de-France,<\/p>\n<p>AIDES,<\/p>\n<p>ACT-UP,<\/p>\n<p>NRJKIR,<\/p>\n<p>Chrysalide,<\/p>\n<p>RITA,<\/p>\n<p>Trans Pos\u00e9-e-s,<\/p>\n<p>Acceptess-T,<\/p>\n<p>ANT \u2013 Association Nationale Transgenre,<\/p>\n<p>Clar-T,<\/p>\n<p>OUTrans,<\/p>\n<p>Les ActupienNES,<\/p>\n<p>Bi\u2019cause,<\/p>\n<p>Gras politique,<\/p>\n<p>EFiGiEs,<\/p>\n<p>SVT \u00c9galit\u00e9,<\/p>\n<p>Collectif \u00e9ducation contre les LGBTphobies en milieu scolaire et universitaire,<\/p>\n<p>FSU,<\/p>\n<p>SUD Education,<\/p>\n<p>SUD Sant\u00e9 Sociaux,<\/p>\n<p>Solidaires \u00e9tudiant-e-s,<\/p>\n<p>Vincent Guillot, Co-fondatrICE de l\u2019OII,<\/p>\n<p>Eric Fassin, sociologue \u00e0 l\u2019Universit\u00e9 Paris 8,<\/p>\n<p>Sam Bourcier, sociologue \u00e0 l\u2019Universit\u00e9 Lille 3,<\/p>\n<p>Karine Espineira, chercheuse en Sciences de l\u2019Information et de la Communication \u00e0 l\u2019Universit\u00e9 Paris 8,<\/p>\n<p>Maud-Yeuse Thomas, Observatoire des transidentit\u00e9s (ODT) ,<\/p>\n<p>Janik Bastien-Charlebois, sociologue \u00e0 l\u2019UQAM,<\/p>\n<p>Muriel Salle, historienne \u00e0 l\u2019Universit\u00e9 Paris 1,<\/p>\n<p>Odile Fillod, chercheuse ind\u00e9pendante,<\/p>\n<p>Dr Martin Winckler, m\u00e9decin et \u00e9crivain,<\/p>\n<p>Blaise Meyrat, Privat-Docent, Ma\u00eetre d\u2019Enseignement et de Recherche, M\u00e9decin Adjoint, Service de chirurgie p\u00e9diatrique au Centre Hospitalier Universitaire Vaudois CHUV,<\/p>\n<p>Dani\u00e8le Lanssade, membre du bureau du Mouvement Fran\u00e7ais pour le Planning Familial,<\/p>\n<p>Dr Alice Laplante, m\u00e9decin<\/p>\n<p>Pierre Duclos, psychologue clinicien<\/p>\n<p>Jean-Christophe Dardart, psychologue clinicien<\/p>\n<p>Marie-Th\u00e9r\u00e8se Tanios, psychologue clinicienne<\/p>\n<p>Thomas Mignot, psychologue clinicien<\/p>\n<p>Cha Prieur, maitre-praticien.ne en PNL Humaniste<\/p>\n<p>Emma, dessinatrice,<\/p>\n<p>Adrian de la Vega, youtubeur<\/p>\n<p><a href=\"https:\/\/www.change.org\/p\/mesdames-les-ministres-de-la-sant%C3%A9-et-de-la-justice-faites-cesser-les-mutilations-des-enfants-intersexes?recruiter=162876464&amp;utm_source=share_petition&amp;utm_medium=facebook&amp;utm_campaign=share_petition&amp;utm_term=share_petition\">https:\/\/www.change.org\/p\/mesdames-les-ministres-de-la-sant%C3%A9-et-de-la-justice-faites-cesser-les-mutilations-des-enfants-intersexes?recruiter=162876464&amp;utm_source=share_petition&amp;utm_medium=facebook&amp;utm_campaign=share_petition&amp;utm_term=share_petition<\/a><\/p>\n<p>&nbsp;<\/p>\n","protected":false},"excerpt":{"rendered":"<p>Aujourd\u2019hui en France, les enfants intersexes* sont toujours soumi-se-s \u00e0 des op\u00e9rations chirurgicales ou\/et des traitements hormonaux sans leur consentement \u00e9clair\u00e9 et sans n\u00e9cessit\u00e9 de sant\u00e9. Ces actes constituent des violations des droits humains et ont \u00e9t\u00e9 condamn\u00e9s \u00e0 plusieurs reprises par l\u2019ONU en 2016 (Comit\u00e9 des droits de l\u2019Enfant, Comit\u00e9 pour l\u2019\u00e9limination de la [&hellip;]<\/p>\n","protected":false},"author":8752,"featured_media":0,"comment_status":"open","ping_status":"closed","sticky":false,"template":"","format":"standard","meta":{"footnotes":""},"categories":[11,8,9,18,10],"tags":[],"class_list":["post-1524","post","type-post","status-publish","format-standard","hentry","category-enfermements","category-genre","category-gynecologie","category-modifications-corporelles","category-prevention"],"_links":{"self":[{"href":"https:\/\/tardigrada.noblogs.org\/index.php?rest_route=\/wp\/v2\/posts\/1524","targetHints":{"allow":["GET"]}}],"collection":[{"href":"https:\/\/tardigrada.noblogs.org\/index.php?rest_route=\/wp\/v2\/posts"}],"about":[{"href":"https:\/\/tardigrada.noblogs.org\/index.php?rest_route=\/wp\/v2\/types\/post"}],"author":[{"embeddable":true,"href":"https:\/\/tardigrada.noblogs.org\/index.php?rest_route=\/wp\/v2\/users\/8752"}],"replies":[{"embeddable":true,"href":"https:\/\/tardigrada.noblogs.org\/index.php?rest_route=%2Fwp%2Fv2%2Fcomments&post=1524"}],"version-history":[{"count":2,"href":"https:\/\/tardigrada.noblogs.org\/index.php?rest_route=\/wp\/v2\/posts\/1524\/revisions"}],"predecessor-version":[{"id":1541,"href":"https:\/\/tardigrada.noblogs.org\/index.php?rest_route=\/wp\/v2\/posts\/1524\/revisions\/1541"}],"wp:attachment":[{"href":"https:\/\/tardigrada.noblogs.org\/index.php?rest_route=%2Fwp%2Fv2%2Fmedia&parent=1524"}],"wp:term":[{"taxonomy":"category","embeddable":true,"href":"https:\/\/tardigrada.noblogs.org\/index.php?rest_route=%2Fwp%2Fv2%2Fcategories&post=1524"},{"taxonomy":"post_tag","embeddable":true,"href":"https:\/\/tardigrada.noblogs.org\/index.php?rest_route=%2Fwp%2Fv2%2Ftags&post=1524"}],"curies":[{"name":"wp","href":"https:\/\/api.w.org\/{rel}","templated":true}]}}