{"id":1328,"date":"2017-11-26T10:21:54","date_gmt":"2017-11-26T09:21:54","guid":{"rendered":"https:\/\/tardigrada.noblogs.org\/?p=1328"},"modified":"2017-11-26T10:21:54","modified_gmt":"2017-11-26T09:21:54","slug":"marche-pour-les-droits-des-personnes-trans-et-intersexes","status":"publish","type":"post","link":"https:\/\/tardigrada.noblogs.org\/?p=1328","title":{"rendered":"marche pour les droits des personnes Trans et Intersexes"},"content":{"rendered":"<p><b>Radical ? Le mouvement trans et int<span class=\"gmail-text_exposed_show\">ersexe veut juste qu&rsquo;on l&rsquo;\u00e9coute<br \/>\nSamedi 21 octobre, 2 500 personnes \u00e9taient rassembl\u00e9es autour du camion en t\u00eate du cort\u00e8ge de l&rsquo;Existrans, la marche pour les droits des personnes trans et intersexes.<\/span><\/b><\/p>\n<div class=\"gmail-text_exposed_show\">\n<p>Par Cy Lecerf-Maulpoix<\/p>\n<p>Pour cette 21\u00e8me \u00e9dition, un mot d&rsquo;ordre : \u00ab Face aux oppressions d&rsquo;\u00c9tat, raciales et m\u00e9dicales, intersexes et trans contre vos violences \u00bb. Associations et collectifs se relayaient pour d\u00e9noncer les multiples urgences et t\u00e9moigner : insuffisances de la loi Justice du XXIe si\u00e8cle, cons\u00e9quences d\u00e9sastreuses de la p\u00e9nalisation des clients sur les travailleuses.eurs du sexe, violences et discriminations \u00e0 l&rsquo;\u00e9cole, \u00e0 l&rsquo;universit\u00e9, sur le lieu de travail, \u00e0 l&rsquo;encontre des trans racis\u00e9Es, des r\u00e9fugi\u00e9Es.<br \/>\nL&rsquo;accompagnement m\u00e9dical est l&rsquo;une des nombreuses inqui\u00e9tudes \u00e9voqu\u00e9es par Jules, membre du collectif organisateur. Outre la dimension al\u00e9atoire des remboursements des frais m\u00e9dicaux en fonction des situations et des caisses maladie, il cite \u00e9galement la SoFECT d\u00e9nonc\u00e9e depuis des ann\u00e9es par la communaut\u00e9 pour ses pratiques abusives. Officiellement pr\u00e9sent\u00e9e comme une association de professionnels m\u00e9dicaux \u00ab sp\u00e9cialis\u00e9e dans la prise en charge et la chirurgie du transsexualisme (sic) en France \u00bb, elle agit comme un lobby cherchant \u00e0 d\u00e9velopper le monopole d&rsquo;un accompagnement. \u00ab Ils font pression sur d&rsquo;autres m\u00e9decins pour conserver leur monopole, explique Jules. Le risque est \u00e9videmment pour nous de ne plus pouvoir choisir nos m\u00e9decins \u00bb, et par cons\u00e9quent de se retrouver soumis \u00e0 de potentielles violences. D\u00e9pathologiser les transidentit\u00e9s, d\u00e9manteler des organes abusifs, telles sont les demandes et pr\u00e9occupations sur lesquelles l&rsquo;\u00c9tat ne s&rsquo;est prononc\u00e9 que partiellement lors du passage de la loi Justice en novembre 2016. Contact\u00e9e par T\u00caTU pour expliquer ses activit\u00e9s, la SoFECT demeure silencieuse.<\/p>\n<p><b> Une loi qui divise<\/b><br \/>\n\u00c0 cette \u00e9poque, m\u00e9dias, politiques et associations LGBT plus institutionnelles comme l&rsquo;Inter LGBT avaient ainsi pu se f\u00e9liciter de la loi qui comprenait un ajustement concernant la possibilit\u00e9 de d\u00e9m\u00e9dicaliser la proc\u00e9dure du changement d&rsquo;\u00e9tat civil pour les personnes trans. Celle-ci impliquait de pouvoir se rendre devant le tribunal sans une justification m\u00e9dicale autorisant le changement de la mention du genre. L&rsquo;ajustement est jug\u00e9 insuffisant par une majorit\u00e9 d&rsquo;associations membres de l&rsquo;Existrans et par l&rsquo;Inter LGBT elle-m\u00eame qui regrettait que \u00ab toutes nos revendications n&rsquo;aient pas \u00e9t\u00e9 entendues, en particulier la d\u00e9judiciarisation de la proc\u00e9dure \u00bb. L&rsquo;Existrans d\u00e9non\u00e7ait surtout l&rsquo;\u00e9ternelle soumission \u00e0 l&rsquo;autorit\u00e9 d&rsquo;un juge (ou de la mairie dans le cas du changement de pr\u00e9nom) et l&rsquo;obligation de \u00ab justifier de sa transidentit\u00e9 selon des st\u00e9r\u00e9otypes femme\/homme binaires et caricaturaux \u00bb soumis \u00ab \u00e0 l&rsquo;arbitraire \u00bb d&rsquo;un tiers.<br \/>\nAujourd&rsquo;hui, l&rsquo;application de cette loi est l&rsquo;arbre qui cache la for\u00eat. Adrian de la Vega, YouTubeur pr\u00e9sent \u00e0 la marche (qui figurait en couverture du num\u00e9ro 213 de T\u00caTU), re\u00e7oit de nombreux t\u00e9moignages : \u00ab Les tribunaux ne sont pas au courant de la loi. Pour le changement de pr\u00e9nom, on doit imprimer et ramener les d\u00e9crets avec nous \u00e0 la mairie. C&rsquo;est encore tr\u00e8s al\u00e9atoire et parfois c&rsquo;est impossible. Ils demandent des papiers ou l&rsquo;accord des proches. La loi n&rsquo;est pas respect\u00e9e \u00bb. Concernant la marche, \u00ab il y a eu un changement de mot d&rsquo;ordre par rapport aux ann\u00e9es pr\u00e9c\u00e9dentes \u00bb, observe Sam Bourcier, sociologue \u00e0 l&rsquo;universit\u00e9 Lille 3 dont le dernier livre, Homo Inc.orporated, revient notamment sur les strat\u00e9gies d&rsquo;inclusion des LGBT dans le syst\u00e8me n\u00e9olib\u00e9ral. \u00ab Si la question importante des papiers traverse tous les mouvements de la communaut\u00e9 trans, aujourd&rsquo;hui le mot d&rsquo;ordre est plus g\u00e9n\u00e9rique, poursuit-il. Il se prononce plus visiblement contre les diff\u00e9rentes formes d&rsquo;oppression \u00e9tatiques \u00bb.<\/p>\n<p><b> De la radicalit\u00e9<\/b><br \/>\nCe changement intervient alors m\u00eame qu&rsquo;a \u00e9clat\u00e9 une pol\u00e9mique autour de la participation de l&rsquo;association des policiers LGBT Flag!. L&rsquo;association avait ainsi annonc\u00e9 sur les r\u00e9seaux la cr\u00e9ation d&rsquo;un cort\u00e8ge sans avoir consult\u00e9 le collectif organisateur en amont. Ce-dernier avait fini par la refuser. Un choix qui s&rsquo;\u00e9tait sold\u00e9 par la d\u00e9solidarisation et le retrait de la marche de plusieurs associations au sein du r\u00e9seau de l&rsquo;Inter-LGBT. Quelques minutes avant le d\u00e9part de la marche, dans un tweet et un post Facebook, le conseiller \u00e0 la lutte contre la haine anti-LGBT \u00e0 la DILCRAH et ex-pr\u00e9sident de Sos Homophobie, Yohann Rosz\u00e9witch, adressait \u00e9galement son soutien \u00e0 Flag! et \u00e9voquait \u00ab la radicalisation d&rsquo;une partie du mouvement LGBT \u00bb.<\/p>\n<p>Contact\u00e9 par T\u00caTU, celui-ci r\u00e9affirme \u00e0 la fois son \u00ab ferme engagement contre la transphobie \u00bb et critique \u00ab cette radicalisation contre la police \u00bb et \u00ab l&rsquo;essentialisation du corps policier \u00bb. Il d\u00e9nonce \u00e9galement \u00ab des accusations d\u00e9lirantes \u00bb de transphobie vis-\u00e0-vis des membres de Flag!. Or la contestation de la pr\u00e9sence de cort\u00e8ges policiers LGBT-friendly au sein des Marches n&rsquo;est pas nouvelle. Aux \u00c9tats-Unis, le No Justice, No Pride interrompait ainsi la Pride de Washington cette ann\u00e9e pour d\u00e9noncer les violences exerc\u00e9es par les corps \u00e9tatiques et notamment policiers \u00e0 l&rsquo;encontre des personnes LGBTI de couleur. Au Canada, la Pride de Toronto a connu cette ann\u00e9e sa premi\u00e8re Marche sans pr\u00e9sence polici\u00e8re dans le cort\u00e8ge, tandis qu&rsquo;une association de soutien aux r\u00e9fugi\u00e9s se retirait de celle de Vancouver pour protester contre la pr\u00e9sence d&rsquo;une association \u00e9quivalente \u00e0 Flag!.<\/p>\n<p>L&rsquo;accusation en radicalit\u00e9 dessine clairement une fracture entre une frange associative plus institutionnelle et des associations ou collectifs souvent majoritairement compos\u00e9s de personnes directement impact\u00e9es par les violences actuelles (et de fait moins \u00e9cout\u00e9Es par les instances gouvernementales). \u00ab On agite la radicalisation comme une mauvaise chose alors que c&rsquo;est le signe au contraire que nous nous positionnons \u00e0 nouveau plus fermement pour d\u00e9noncer symboliquement ceux qui nous attaquent, analyse Cl\u00e9a, une jeune participante en d\u00e9but de marche. Depuis Stonewall, l&rsquo;opposition directe et la critique ouverte des violences institutionnelles, notamment polici\u00e8res, a nourri et influenc\u00e9 l&rsquo;activisme tel qu&rsquo;il existe aujourd&rsquo;hui. S&#8217;emparer de l&rsquo;accusation de radicalisation, c&rsquo;est une mani\u00e8re de retourner aux sources des premiers mouvements radicaux queers\u00ab , ajoute-t-elle.<\/p>\n<p>En France, de r\u00e9cents \u00e9v\u00e9nements judiciaires confirment cette violence. Alors que le cort\u00e8ge se met en marche, un groupe de soutien \u00e0 Kara, jeune trans am\u00e9ricaine incarc\u00e9r\u00e9e en France dans une prison pour hommes suite \u00e0 l&rsquo;affaire de la voiture br\u00fbl\u00e9e, entonne des slogans pour d\u00e9noncer une \u00ab manipulation judiciaire \u00bb et l&rsquo;\u00e9tendue de l&rsquo;appareil d&rsquo;oppressions des corps et des identit\u00e9s, du commissariat en passant par les tribunaux, jusqu&rsquo;\u00e0 la prison. \u00ab L&rsquo;articulation entre des politiques antiracistes et trans est un vrai enjeu \u00bb, confirme Sam Bourcier.<\/p>\n<p><b> Recomposition du paysage ?<\/b><br \/>\nAu-del\u00e0 de la radicalit\u00e9 brandie comme accusation donc, ces r\u00e9centes pol\u00e9miques et prises de position du collectif Existrans manifestent le besoin de redessiner les contours d&rsquo;un paysage militant et activiste trans et intersexe depuis plusieurs ann\u00e9es. Eliazar, 21 ans, jeune \u00e9tudiant en Lettres, et Adrian de la Vega se rendent tous les deux \u00e0 l&rsquo;Espace Sant\u00e9 Trans parisien qui, depuis deux ans, propose des consultations psychoth\u00e9rapeutiques et plus r\u00e9cemment m\u00e9dicales. \u00ab Avant c&rsquo;\u00e9tait beaucoup plus compliqu\u00e9 \u00bb, confie Eliazar qui relate les discriminations avec ses anciens m\u00e9decins. Dans cet espace, \u00ab les m\u00e9decins sont trans ou alli\u00e9Es et \u00e0 l&rsquo;\u00e9coute, ils peuvent adapter les taux d&rsquo;hormones. Je ne vais plus voir d&rsquo;autres m\u00e9decins que l\u00e0-bas \u00bb, explique quant \u00e0 lui Adrian. Un succ\u00e8s \u00e0 la mesure du besoin encore criant et de la n\u00e9cessit\u00e9 de s&rsquo;\u00e9manciper de la SoFECT. \u00ab L&rsquo;Espace sant\u00e9 Trans fait ce que l&rsquo;\u00c9tat ne fait pas \u00bb, ajoute-t-il.<\/p>\n<p>De m\u00eame, la cr\u00e9ation d&rsquo;une F\u00e9d\u00e9ration Trans et Intersexes l&rsquo;ann\u00e9e derni\u00e8re constitue une avanc\u00e9e notable. Aujourd&rsquo;hui compos\u00e9e de 13 associations dans toute la France, \u00ab cette f\u00e9d\u00e9ration \u00e0 la premi\u00e8re personne est g\u00e9r\u00e9e uniquement par des personnes trans et intersexes \u00bb explique Giovanna Rin\u00e7on, pr\u00e9sidente de l&rsquo;association Acceptess-T. Elle compte notamment mettre en place un observatoire sur la loi Justice du XXIe si\u00e8cle et son application dans toute la France. Elle vise \u00e9galement \u00e0 devenir l&rsquo;interlocuteur principal du gouvernement dans l&rsquo;\u00e9laboration de politiques pour leurs droits. \u00ab Depuis la loi Justice, l&rsquo;agenda trans est devenu quasi-inaudible, on sait que le nouveau gouvernement ne veut pas changer quoi que ce soit. Il faut former et sensibiliser les politiques \u00bb, ajoute Giovanna. Une t\u00e2che qui n&rsquo;est pas \u00e9vidente \u00e0 l&rsquo;heure o\u00f9 les enjeux qui animent l&rsquo;int\u00e9rieur de la communaut\u00e9 trans sont multiples et que l&rsquo;accusation de radicalit\u00e9 d\u00e9cr\u00e9dibilise des acteurs qui portent pourtant des revendications essentielles.<\/p>\n<p><b> Vers un combat m\u00e9diatique<\/b><br \/>\nLe collectif Intersexes et alli\u00e9Es cr\u00e9\u00e9 en novembre 2016 est une autre initiative. Pour Lo\u00e9, l&rsquo;un.E de ses cofondateurices, \u00ab un cap a \u00e9t\u00e9 franchi dans le militantisme intersexe \u00bb. Le collectif, tr\u00e8s pr\u00e9sent sur Facebook et les r\u00e9seaux sociaux, organise notamment une Quinzaine des visibilit\u00e9s Intersexes jusqu&rsquo;au 7 novembre dans toute la France. Expositions, projections-d\u00e9bats, discussions et tables rondes composeront ces deux semaines de sensibilisation. Exposer diff\u00e9rents v\u00e9cus, diff\u00e9rents r\u00e9cits de violences m\u00e9dicales, sociales et familiales au travers de conf\u00e9rences et d&rsquo;\u00e9changes publics correspond \u00e0 l&rsquo;une des mani\u00e8res de transmettre l&rsquo;information. Le dialogue avec les m\u00e9dias en est une autre.<\/p>\n<p>Pour ce faire, une conf\u00e9rence table-ronde men\u00e9e avec des journalistes de l&rsquo;AJL (Association des Journalistes LGBTI) a eu lieu fin octobre. Adrian de la Vega, r\u00e9compens\u00e9 d&rsquo;un Out d&rsquo;Or par l&rsquo;AJL en juin dernier, est ainsi de plus en plus sollicit\u00e9 par les m\u00e9dias y compris t\u00e9l\u00e9visuels. Celui-ci refuse n\u00e9anmoins toute participation aux \u00e9missions qui donnent dans le sensationnalisme : \u00ab Je cherche toujours \u00e0 me renseigner et me prot\u00e9ger. Je suis conscient du fait qu&rsquo;une visibilit\u00e9 c&rsquo;est bien, mais pas n&rsquo;importe comment \u00bb. Internet op\u00e8re en ce sens diff\u00e9remment. YouTube, Snapchat, Facebook, les r\u00e9seaux offrent paradoxalement un contr\u00f4le et une libert\u00e9 aux concern\u00e9Es qui sont plus \u00e0 m\u00eame de diffuser des messages accessibles pour les personnes trans et intersexes mais \u00e9galement pour les cisgenres. \u00ab Les YouTubeurs sont souvent de bons porte-paroles pour toucher les cisgenres \u00bb, conclut Eliazar. Adrian cite quant \u00e0 lui le YouTubeur am\u00e9ricain Upper Chase comme source d&rsquo;inspiration.<\/p>\n<p>Un travail essentiel \u00e0 l&rsquo;heure o\u00f9 s&#8217;emparer de la parole m\u00e9diatique et reprendre la main sur les images produites pourrait s&rsquo;av\u00e9rer essentiel dans les luttes, y compris radicales, \u00e0 venir&#8230;<\/p>\n<p><a href=\"http:\/\/tetu.com\/2017\/11\/02\/trans-et-intersexes-vers-un-combat-mediatique\/\" target=\"_blank\" rel=\"noopener noreferrer\">http:\/\/tetu.com\/&#8230;\/trans-et-intersexes-vers-un-combat-media&#8230;\/<\/a><\/p>\n<p>Et la vid\u00e9o de <a class=\"gmail-profileLink\" href=\"https:\/\/www.facebook.com\/ChristineRouge?fref=gs&amp;hc_location=group\" target=\"_blank\" rel=\"noopener noreferrer\">Christine Rougemont<\/a> et de l&rsquo; association M\u00e9dusa ;<br \/>\nAvis de <a class=\"gmail-profileLink\" href=\"https:\/\/www.facebook.com\/libresdetre\/?ref=gs&amp;fref=gs&amp;hc_location=group\" target=\"_blank\" rel=\"noopener noreferrer\">Libres d&rsquo;\u00eatre<\/a> :\u00a0\u00bbUne bonne vid\u00e9o ; Mais pourquoi on ne voit pas plus les Intersexes ( quelques drapeaux de loin ,,,,,c&rsquo; est tout ) , pourquoi pas de paroles d&rsquo;Intersexes , le <a class=\"gmail-profileLink\" href=\"https:\/\/www.facebook.com\/ciaintersex\/?ref=gs&amp;fref=gs&amp;hc_location=group\" target=\"_blank\" rel=\"noopener noreferrer\">Collectif Intersexes et Alli\u00e9.e.s<\/a> \u00e9tait pourtant bien pr\u00e9sent !!\u00a0\u00bb<\/p>\n<p><a href=\"https:\/\/www.youtube.com\/watch?v=au0LXKzvgkc&amp;feature=youtu.be\" target=\"_blank\" rel=\"noopener noreferrer\">https:\/\/www.youtube.com\/watch?v=au0LXKzvgkc&amp;feature=youtu.be<\/a><\/p>\n<p>Et une super vid\u00e9o en LSF et sous- titres qui fait \u00e9cho aux belles rencontres Sourds et Intersexes du<a class=\"gmail-profileLink\" href=\"https:\/\/www.facebook.com\/FCDSourds\/?ref=gs&amp;fref=gs&amp;hc_location=group\" target=\"_blank\" rel=\"noopener noreferrer\">Festival de Cin\u00e9ma de Douarnenez : Monde des Sourds<\/a> et <a class=\"gmail-profileLink\" href=\"https:\/\/www.facebook.com\/Festival-de-cin%C3%A9ma-de-Douarnenez-228558590492719\/?ref=gs&amp;fref=gs&amp;hc_location=group\" target=\"_blank\" rel=\"noopener noreferrer\">Festival de cin\u00e9ma de Douarnenez<\/a> !<\/p>\n<p>Vid\u00e9o de M\u00e9dia&rsquo; Pi<br \/>\n<a href=\"http:\/\/www.media-pi.org\/pilote\/chronique\/existrans.php#reportage\" target=\"_blank\" rel=\"noopener noreferrer\">http:\/\/www.media-pi.org\/pilote\/chronique\/existrans.php&#8230;<\/a><\/p>\n<\/div>\n","protected":false},"excerpt":{"rendered":"<p>Radical ? Le mouvement trans et intersexe veut juste qu&rsquo;on l&rsquo;\u00e9coute Samedi 21 octobre, 2 500 personnes \u00e9taient rassembl\u00e9es autour du camion en t\u00eate du cort\u00e8ge de l&rsquo;Existrans, la marche pour les droits des personnes trans et intersexes. Par Cy Lecerf-Maulpoix Pour cette 21\u00e8me \u00e9dition, un mot d&rsquo;ordre : \u00ab Face aux oppressions d&rsquo;\u00c9tat, raciales [&hellip;]<\/p>\n","protected":false},"author":8752,"featured_media":0,"comment_status":"open","ping_status":"closed","sticky":false,"template":"","format":"standard","meta":{"footnotes":""},"categories":[11,8,3,10,17],"tags":[],"class_list":["post-1328","post","type-post","status-publish","format-standard","hentry","category-enfermements","category-genre","category-nouvelles-lois","category-prevention","category-rdv"],"_links":{"self":[{"href":"https:\/\/tardigrada.noblogs.org\/index.php?rest_route=\/wp\/v2\/posts\/1328","targetHints":{"allow":["GET"]}}],"collection":[{"href":"https:\/\/tardigrada.noblogs.org\/index.php?rest_route=\/wp\/v2\/posts"}],"about":[{"href":"https:\/\/tardigrada.noblogs.org\/index.php?rest_route=\/wp\/v2\/types\/post"}],"author":[{"embeddable":true,"href":"https:\/\/tardigrada.noblogs.org\/index.php?rest_route=\/wp\/v2\/users\/8752"}],"replies":[{"embeddable":true,"href":"https:\/\/tardigrada.noblogs.org\/index.php?rest_route=%2Fwp%2Fv2%2Fcomments&post=1328"}],"version-history":[{"count":1,"href":"https:\/\/tardigrada.noblogs.org\/index.php?rest_route=\/wp\/v2\/posts\/1328\/revisions"}],"predecessor-version":[{"id":1329,"href":"https:\/\/tardigrada.noblogs.org\/index.php?rest_route=\/wp\/v2\/posts\/1328\/revisions\/1329"}],"wp:attachment":[{"href":"https:\/\/tardigrada.noblogs.org\/index.php?rest_route=%2Fwp%2Fv2%2Fmedia&parent=1328"}],"wp:term":[{"taxonomy":"category","embeddable":true,"href":"https:\/\/tardigrada.noblogs.org\/index.php?rest_route=%2Fwp%2Fv2%2Fcategories&post=1328"},{"taxonomy":"post_tag","embeddable":true,"href":"https:\/\/tardigrada.noblogs.org\/index.php?rest_route=%2Fwp%2Fv2%2Ftags&post=1328"}],"curies":[{"name":"wp","href":"https:\/\/api.w.org\/{rel}","templated":true}]}}