{"id":1306,"date":"2017-11-12T09:18:59","date_gmt":"2017-11-12T08:18:59","guid":{"rendered":"https:\/\/tardigrada.noblogs.org\/?p=1306"},"modified":"2017-11-12T09:18:59","modified_gmt":"2017-11-12T08:18:59","slug":"les-femmes-de-chambre-sous-traitees","status":"publish","type":"post","link":"https:\/\/tardigrada.noblogs.org\/?p=1306","title":{"rendered":"Les femmes de chambre sous-trait\u00e9es &#8230;"},"content":{"rendered":"<p>Bonjour<br \/>\nJe me permet de vous \u00e9crire pour vous demander s\u2019il vous plait de<br \/>\nsigner cette p\u00e9tition et de la diffuser, car les enjeux autour sont<br \/>\nvraiment tr\u00e8s grands et \u00a0importants.<\/p>\n<p>Vous savez comme moi que les ordonnances Macron nous pr\u00e9parent<br \/>\nmalheureusement, mais sans surprise un vrai projet de mis\u00e8re sociale \u00e0<br \/>\ngrande \u00e9chelle ! vous savez aussi comme moi, que ce que nous<br \/>\nconnaissons aujourd\u2019hui du contenu de ces lois n\u2019est que la partie<br \/>\n\u00e9mergeante de l\u2019iceberg, et que le pire on le conna\u00eetra tr\u00e8s<br \/>\nbient\u00f4t quand on sera confront\u00e9-e- \u00e0 des \u00a0situations concr\u00e8tes ( le<br \/>\ndiable se cache entre les lignes me dit un de mes camarades).<\/p>\n<p>Je m\u2019appelle Tiziri KANDI et je suis militante de la CGT des h\u00f4tels<br \/>\nde prestige et \u00e9conomiques ( CGT HPE). Notre syndicat est connu pour<br \/>\navoir soutenu activement des luttes des femmes de chambre d\u2019ACCOR,<br \/>\nLOUVRE HOTELS GROUP, HYATT etc. notamment celles qui travaillent dans<br \/>\ndes entreprises de nettoyage, et qui \u00e9taient jusqu\u2019alors pay\u00e9es \u00e0<br \/>\nla chambre et non \u00e0 l\u2019heure, pratiquant ainsi en toute impunit\u00e9 le<br \/>\npaiement \u00e0 la tache, le non paiement des heures suppl\u00e9mentaires, les<br \/>\nlicenciement abusifs au moindre r\u00e9volte etc. ( d\u2019autant plus que dans<br \/>\nles contrats de celles-ci existe une clause de mobilit\u00e9 qui est un<br \/>\nmoyen de r\u00e9pression \u00e9norme et parfaitement l\u00e9gal offert aux patrons,<br \/>\noui, c\u2019est \u00e7a un Etat des Classes\u2026 pardon, un Etat de Droit !)<\/p>\n<p>Dans ce contexte, nous nous sommes pench\u00e9-e-s avec mes camarades sur le<br \/>\ncontenu de ces ordonnances, et nous nous sommes focalis\u00e9-e-s sur ce que<br \/>\n\u00e7a peut changer pour les travailleurs-ses des entreprises de<br \/>\nsous-traitance. Nous avons donc appris que les salari\u00e9-e-s de ces<br \/>\nsoci\u00e9t\u00e9s sont exclu-e-s de la possibilit\u00e9 de se pr\u00e9senter aux<br \/>\n\u00e9lections professionnelles sur leur lieu de travail, et donc chez les<br \/>\ndonneurs d\u2019ordres.<\/p>\n<p>Cette mesure est vraiment catastrophique car elle institutionnalise la<br \/>\nfragmentation voire m\u00eame la destruction de la communaut\u00e9 de travail :<br \/>\nles travailleurs-ses qui interviennent sur un m\u00eame lieu de travail ne<br \/>\nvont pas avoir les m\u00eames droits, et pire, ces salari\u00e9-e-s de la<br \/>\nsous-traitance ne vont avoir aucune repr\u00e9sentativit\u00e9 l\u00e0 o\u00f9 elles\/ils<br \/>\ntravaillent.<br \/>\nCette mesure est aussi discriminatoire, pour plusieurs raisons notamment<br \/>\nparce que \u00e7a concerne beaucoup de femmes et de personnes immigr\u00e9es ou<br \/>\nissues de l\u2019immigration.<\/p>\n<p>Dans l\u2019h\u00f4tellerie et le nettoyage, cette loi veut priver les<br \/>\nsyndicats de base comme le notre de pouvoir utiliser encore des br\u00e8ches<br \/>\nqu\u2019il y a dans le droit pour mener des luttes et gagner des droits<br \/>\npour les femmes de chambre et les employ\u00e9-e-s, voire m\u00eame gagner<br \/>\nl\u2019internalisation de ces derniers-es<\/p>\n<p>Je vous invite donc vivement \u00e0 signer cette p\u00e9tition et si possible de<br \/>\nla relayer dans votre cercle d\u2019ami-e-s et camarades !<br \/>\nJe vous en remercie par avance !<br \/>\nCordialement<br \/>\nTiziri KANDI<\/p>\n<p><a href=\"https:\/\/www.change.org\/p\/muriel-les-femmes-de-chambre-sous-trait%C3%A9es-refusent-les-ordonnances-macron\" target=\"_blank\" rel=\"noreferrer noopener\">https:\/\/www.change.org\/p\/muriel-les-femmes-de-chambre-sous-trait%C3%A9es-refusent-les-ordonnances-macron<\/a><br \/>\n&lt;<a href=\"https:\/\/ci3.googleusercontent.com\/proxy\/kOyDm6Jx9Rs2vSQlrnKyEP8BHk6yegLCfjyA-vixGxx1QT7-1doBkiQXwU156K7qrPltPsuPN5nF-tHaz-ilELfiyVMmogbRNuj9SIP1AIhKpFsnp0tm7q-G2bzCVkXAYSGp2_5Qcz6AIyA=s0-d-e1-ft#http:\/\/assets.change.org\/photos\/3\/oc\/kg\/fyOCKgUyYETAEVf-1600x900-noPad.jpg?1507553325\" target=\"_blank\" rel=\"noreferrer noopener\">https:\/\/ci3.googleusercontent.com\/proxy\/kOyDm6Jx9Rs2vSQlrnKyEP8BHk6yegLCfjyA-vixGxx1QT7-1doBkiQXwU156K7qrPltPsuPN5nF-tHaz-ilELfiyVMmogbRNuj9SIP1AIhKpFsnp0tm7q-G2bzCVkXAYSGp2_5Qcz6AIyA=s0-d-e1-ft#http:\/\/assets.change.org\/photos\/3\/oc\/kg\/fyOCKgUyYETAEVf-1600&#215;900-noPad.jpg?1507553325<\/a>&gt;<br \/>\nP\u00e9tition \u00b7 Muriel : Les femmes de chambre sous-trait\u00e9es &#8230;<br \/>\n<a href=\"http:\/\/www.change.org\" target=\"_blank\" rel=\"noreferrer noopener\">www.change.org<\/a> [<a href=\"http:\/\/www.change.org\" target=\"_blank\" rel=\"noreferrer noopener\">1<\/a>]<br \/>\nEn signant ou en vous connectant via Facebook, vous accepter les<br \/>\nconditions d&rsquo;utilisation et la politique d&rsquo;utilisation des donn\u00e9es de<br \/>\nChange.org.<\/p>\n","protected":false},"excerpt":{"rendered":"<p>Bonjour Je me permet de vous \u00e9crire pour vous demander s\u2019il vous plait de signer cette p\u00e9tition et de la diffuser, car les enjeux autour sont vraiment tr\u00e8s grands et \u00a0importants. Vous savez comme moi que les ordonnances Macron nous pr\u00e9parent malheureusement, mais sans surprise un vrai projet de mis\u00e8re sociale \u00e0 grande \u00e9chelle ! [&hellip;]<\/p>\n","protected":false},"author":8752,"featured_media":0,"comment_status":"open","ping_status":"closed","sticky":false,"template":"","format":"standard","meta":{"footnotes":""},"categories":[11,8,3,10],"tags":[],"class_list":["post-1306","post","type-post","status-publish","format-standard","hentry","category-enfermements","category-genre","category-nouvelles-lois","category-prevention"],"_links":{"self":[{"href":"https:\/\/tardigrada.noblogs.org\/index.php?rest_route=\/wp\/v2\/posts\/1306","targetHints":{"allow":["GET"]}}],"collection":[{"href":"https:\/\/tardigrada.noblogs.org\/index.php?rest_route=\/wp\/v2\/posts"}],"about":[{"href":"https:\/\/tardigrada.noblogs.org\/index.php?rest_route=\/wp\/v2\/types\/post"}],"author":[{"embeddable":true,"href":"https:\/\/tardigrada.noblogs.org\/index.php?rest_route=\/wp\/v2\/users\/8752"}],"replies":[{"embeddable":true,"href":"https:\/\/tardigrada.noblogs.org\/index.php?rest_route=%2Fwp%2Fv2%2Fcomments&post=1306"}],"version-history":[{"count":1,"href":"https:\/\/tardigrada.noblogs.org\/index.php?rest_route=\/wp\/v2\/posts\/1306\/revisions"}],"predecessor-version":[{"id":1307,"href":"https:\/\/tardigrada.noblogs.org\/index.php?rest_route=\/wp\/v2\/posts\/1306\/revisions\/1307"}],"wp:attachment":[{"href":"https:\/\/tardigrada.noblogs.org\/index.php?rest_route=%2Fwp%2Fv2%2Fmedia&parent=1306"}],"wp:term":[{"taxonomy":"category","embeddable":true,"href":"https:\/\/tardigrada.noblogs.org\/index.php?rest_route=%2Fwp%2Fv2%2Fcategories&post=1306"},{"taxonomy":"post_tag","embeddable":true,"href":"https:\/\/tardigrada.noblogs.org\/index.php?rest_route=%2Fwp%2Fv2%2Ftags&post=1306"}],"curies":[{"name":"wp","href":"https:\/\/api.w.org\/{rel}","templated":true}]}}