{"id":1296,"date":"2017-11-12T09:05:10","date_gmt":"2017-11-12T08:05:10","guid":{"rendered":"https:\/\/tardigrada.noblogs.org\/?p=1296"},"modified":"2017-11-12T09:07:38","modified_gmt":"2017-11-12T08:07:38","slug":"projection-du-film-documentaire-baska-bir-dag-une-autre-montagne-concert-daman-aman","status":"publish","type":"post","link":"https:\/\/tardigrada.noblogs.org\/?p=1296","title":{"rendered":"projection du film documentaire Baska Bir Dag, une autre montagne &#8211; concert d&rsquo;Aman Aman"},"content":{"rendered":"<p><span class=\"gmail-\" style=\"font-family: 'Palatino Linotype';font-size: large\">L&rsquo;association du Bout de la ville organise la venue de Anouk Mangeat et Noemi Aubry\u00a0<\/span><span class=\"gmail-Apple-style-span\" style=\"font-family: 'Palatino Linotype';font-size: large\"><b><span id=\"gmail-OBJ_PREFIX_DWT70_com_zimbra_date\" class=\"gmail-Object\">Mardi<\/span> 14 Novembre\u00a0 \u00e0 20h30 \u00e0 la salle multim\u00e9dia du Mas d&rsquo;Azil<\/b><\/span><span class=\"gmail-Apple-style-span\"> pour pr\u00e9senter leur film\u00a0<\/span><span class=\"gmail-Apple-style-span\" style=\"font-family: 'Palatino Linotype';font-size: large\">Baska Bir Dag, une autre montagne<i>.<\/i><\/span><span class=\"gmail-Apple-style-span\">\u00a0<\/span><span class=\"gmail-Apple-style-span\"><span class=\"gmail-\">Ce film documentaire <em>raconte<\/em> le parcours de trois femmes turques <span id=\"gmail-OBJ_PREFIX_DWT71_com_zimbra_date\" class=\"gmail-Object-hover\">aujourd&rsquo;hui<\/span>. Il est plus que<\/span>\u00a0n\u00e9cessaire dans la p\u00e9riode de guerre. \u00a0<\/span><\/p>\n<div dir=\"ltr\">\n<div class=\"gmail-\">\n<div><span class=\"gmail-Apple-style-span\" style=\"font-family: 'Palatino Linotype';font-size: large\"><i>\u00ab\u00a0<\/i><i>Sur les terres de Turquie, un dicton dit \u00ab Si l&rsquo;un de tes yeux pleure, l&rsquo;autre ne peut rire \u00bb.\u00a0A l&rsquo;est, au Kurdistan de Turquie, couvre-feux, blocus, occupations de l&rsquo;arm\u00e9e turque. C&rsquo;est une paix qu&rsquo;on\u00a0esp\u00e8re et qui n&rsquo;arrive jamais. Ce sont des femmes dans les montagnes, qui se l\u00e8vent, qui font face, qui\u00a0prennent les armes.\u00a0<\/i><\/span><\/div>\n<div><span class=\"gmail-Apple-style-span\"><i>Burcu et Sinem vivent \u00e0 Istanbul avec cet oeil qui pleure. Elles vont rencontrer Ergu\u0308l dans la r\u00e9gion de la\u00a0<span id=\"gmail-OBJ_PREFIX_DWT72_com_zimbra_date\" class=\"gmail-Object\">Mer<\/span> Noire, qui a particip\u00e9 aux luttes r\u00e9volutionnaires de la fn des ann\u00e9es 70 \u00e9touff\u00e9es par le coup d&rsquo;\u00e9tat\u00a0militaire de 80, sur les traces des luttes des femmes. Les \u00e9poques se m\u00ealent et c&rsquo;est toujours la guerre, la\u00a0r\u00e9pression et une violence au quotidien. Kurdes, m\u00e8res, f\u00e9ministes. Il y a de la r\u00e9sistance et de la solidarit\u00e9\u00a0dans leurs mots, dans leurs pas, dans leurs cris, dans les rythmes des \u00ab erbane \u00bb (percussions) contre le\u00a0nationalisme, la guerre, le patriarcat.<\/i><\/span><\/div>\n<div><span class=\"gmail-Apple-style-span\"><i>C&rsquo;est Une autre montagne, Ba\u015fka bir da\u011f, qu&rsquo;elles gravissent chaque jour. Bese! Assez!\u00a0\u00bb<\/i><\/span><\/div>\n<div><span class=\"gmail-Apple-style-span\" style=\"font-family: 'Palatino Linotype';font-size: large\"><i><br \/>\n<\/i><\/span><\/div>\n<div>\n<p><span class=\"gmail-Apple-style-span\">Les musiciennes qui ont compos\u00e9 la bande son seront pr\u00e9sentes le lendemain, l<span class=\"gmail-Apple-style-span\" style=\"font-size: large\"><b>e <span id=\"gmail-OBJ_PREFIX_DWT73_com_zimbra_date\" class=\"gmail-Object\">Mercredi<\/span> 15 novembre pour un concert au Mas d&rsquo;Azil chez Guillaume et Nadia<\/b><\/span>\u00a0place du champ de Mars. (et il y aura \u00e0 manger et \u00e0 boire !)<\/span><\/p>\n<p>&nbsp;<\/p>\n<div><span style=\"font-family: Century Gothic\">Ozho Naay\u00e9 pr\u00e9sente\u00a0<\/span><\/div>\n<div><span style=\"font-family: Century Gothic\"><br \/>\n<\/span><\/div>\n<div><span style=\"font-family: Century Gothic\"><br \/>\n<\/span><\/div>\n<div><span style=\"font-family: Century Gothic\">TOURNEE D&rsquo;AUTOMNE du 14 Nov au 3 d\u00e9cembre !<\/span>\u00a0<i>\u00a0\u00a0<\/i><\/div>\n<p><span class=\"Apple-style-span\" style=\"font-family: 'Century Gothic';font-size: small\"><br \/>\n<\/span><\/p>\n<div>\n<div><span style=\"font-family: Century Gothic;font-size: large\">Du film documentaire\u00a0\u00ab\u00a0Baska\u00a0Bir dag \/ Une Autre Montagne\u00a0\u00bb\u00a0<\/span><\/div>\n<div><span style=\"font-family: Century Gothic;font-size: large\">R\u00e9alis\u00e9 par Anouck Mangeat et No\u00e9mi Aubry<\/span><\/div>\n<div><span style=\"font-family: Century Gothic;font-size: large\"><br \/>\n<\/span><\/div>\n<div><span style=\"font-family: Century Gothic\"><br \/>\n<\/span><\/div>\n<\/div>\n<fieldset class=\"mimeAttachmentHeader\">\n<legend class=\"mimeAttachmentName\">bASKA BIR DAG affiche A3 72dpi CMJN.jpeg<\/legend>\n<\/fieldset>\n<p><img decoding=\"async\" class=\"moz-attached-image\" src=\"https:\/\/mail.riseup.net\/rc\/?_task=mail&amp;_action=get&amp;_mbox=raf&amp;_uid=500&amp;_token=f3Bu9AhjTotUTL2iMFvQDw0uw9UIvxU8&amp;_part=1.2.2&amp;_embed=1&amp;_mimeclass=image\" \/><\/p>\n<div class=\"moz-text-html\" lang=\"x-western\">\n<fieldset class=\"mimeAttachmentHeader\"><\/fieldset>\n<div>\n<div>\n<div>\n<div><\/div>\n<div>\n<div><span style=\"font-family: Century Gothic;font-size: large\">LE TRAILER, C&rsquo;EST ICI !! \u00a0<\/span><\/div>\n<div><span style=\"font-size: large\"><a href=\"https:\/\/vimeo.com\/209661727\" target=\"_blank\" rel=\"noreferrer noopener\">https:\/\/vimeo.com\/209661727<\/a><\/span><\/div>\n<div><\/div>\n<div><\/div>\n<\/div>\n<div><span style=\"font-family: Century Gothic;font-size: small\">* toutes les s\u00e9ances sont r\u00e9alis\u00e9es en pr\u00e9sence des r\u00e9alisatrices et suivies d&rsquo;un d\u00e9bat, sauf celles avec l&rsquo;ast\u00e9risque.<\/span><\/div>\n<div><span style=\"font-family: Century Gothic;font-size: large\"><br \/>\n<\/span><\/div>\n<div><span style=\"font-family: Century Gothic;font-size: large\"><br \/>\n<\/span><\/div>\n<div><span style=\"font-family: Century Gothic;font-size: large\">14 Nov. &#8211; 20h30 &#8211; Le Mas d&rsquo;Azil<\/span><\/div>\n<div><span style=\"font-family: Century Gothic;font-size: small\">salle multim\u00e9dia, rue albech, Mas d&rsquo;Azil, 09290\u00a0<\/span><\/div>\n<div>organis\u00e9 par l&rsquo;association \u00ab\u00a0 Bout De La Ville\u00a0\u00bb<\/div>\n<div><span style=\"font-size: small\">\u00a0<\/span><span style=\"font-size: medium\">+ concert d&rsquo;Aman Aman le 15 nov\u00a0<\/span><\/div>\n<div>(compositeurs de la BO du film)<\/div>\n<div><a href=\"https:\/\/www.facebook.com\/grupAmanAman\/\" target=\"_blank\" rel=\"noreferrer noopener\">https:\/\/www.facebook.com\/grupAmanAman\/<\/a><\/div>\n<div><\/div>\n<div><span style=\"font-family: Century Gothic;font-size: large\">16 Nov. &#8211; 20h30 &#8211; Toulouse, Cin\u00e9ma American Cosmograph\u00a0<\/span><\/div>\n<div><span style=\"font-family: Century Gothic;font-size: small\">dans le cadre du festival\u00a0<\/span><a href=\"https:\/\/www.facebook.com\/events\/1119770591492300\/\" target=\"_blank\" rel=\"noreferrer noopener\">Kurdistan :\u00a03 jours en solidarit\u00e9 aux prisonnier.e.s en Turquie<\/a><\/div>\n<div><span style=\"font-family: Century Gothic;font-size: small\">pr\u00e9c\u00e9d\u00e9 d&rsquo;un prologue musical en live avec AMAN AMAN<\/span><\/div>\n<div><span style=\"font-family: Century Gothic;font-size: small\"><br \/>\n<\/span><\/div>\n<div><span style=\"font-family: Century Gothic;font-size: large\">18 Nov. &#8211; Bruxelles, Cin\u00e9ma Le Botanique *<\/span><\/div>\n<div><span style=\"font-family: Century Gothic;font-size: small\">Festival Cin\u00e9ma d&rsquo;attac 2017\u00a0<\/span><\/div>\n<div><span style=\"font-family: Century Gothic;font-size: small\"><br \/>\n<\/span><\/div>\n<div><span style=\"font-family: Century Gothic;font-size: large\">19 Nov. &#8211; 17h00 &#8211; Lautrec, Caf\u00e9 Pl\u00f9m<\/span><\/div>\n<div><span style=\"font-family: Century Gothic;font-size: small\">dans le cadre d&rsquo;une journ\u00e9e\u00a0<\/span><\/div>\n<div><span style=\"font-family: Century Gothic\">\u00ab\u00a0La R\u00e9volution d\u00e9mocratique et le conf\u00e9d\u00e9ralisme\u00a0libertaire<span style=\"color: #3333ff\">\u00a0<\/span>au Rojava : le r\u00f4le des femmes kurdes\u00a0\u00bb\u00a0<span style=\"font-size: small\">,\u00a0<\/span><\/span><\/div>\n<div><span style=\"font-family: Century Gothic;font-size: small\">avec Engin Sustam, chercheur en sciences sociales et sp\u00e9cialiste de l&rsquo;espace kurde<\/span><\/div>\n<div><span style=\"font-family: Century Gothic;font-size: small\"><br \/>\n<\/span><\/div>\n<div><span style=\"font-family: Century Gothic;font-size: large\">20 Nov. &#8211; Villefranche de Rouergue, Les Hauts Parleurs<\/span><\/div>\n<div><span style=\"font-family: Century Gothic;font-size: small\">projection suivi d&rsquo;un concert de AMAN AMAN\u00a0<\/span><\/div>\n<div><\/div>\n<div><span style=\"font-family: Century Gothic;font-size: large\">23 Nov. &#8211; 20h45 \u00a0&amp; \u00a026 Nov. &#8211; 17h45* &#8211; Aubusson, Cin\u00e9ma Le Colbert\u00a0<\/span><\/div>\n<div><span style=\"font-family: Century Gothic\"><a href=\"https:\/\/l.facebook.com\/l.php?u=https%3A%2F%2Fwww.cinemalecolbertcom%2F&amp;h=ATN2zmFyYAcRu746JAp47QoM2DLXrcI2w3ttg42vwkWgqJnin4liW-F7IKkf4cfMBWBzTDbt4bBEmhKsY0Mo8mnAuxFoiXnvhqG5gkM02o6GCJdRCijeYIcTDzWcbpWM5ig54kQ6TBMZs6-kCUwYqLTmc5ey9yN89sfP35IHQy6j0QQhvHHf-Kk1qY2yAlcKN5vl4USywODZSko4pPHfuBpfKmLj2vv1ipzZzsBuFRQWpIHo0AuR6wPan5g3XaIVMlAO3tHSBWROlA-VPTucvYgSl8SrnBEhTEr8o2ePZkTDZOT4017LuFaLt_TvRX4\" target=\"_blank\" rel=\"noreferrer noopener\">https:\/\/www.cinemalecolbert.com<\/a><\/span><\/div>\n<div><span style=\"font-family: Century Gothic\">dans le cadre du Mois du documentaire<\/span><\/div>\n<div><span style=\"font-family: Century Gothic\"><br \/>\n<\/span><\/div>\n<div><span style=\"font-family: Century Gothic;font-size: large\">24 Nov. &#8211; Fontenay sous Bois, Maison des associations<\/span><\/div>\n<div><span style=\"font-family: Century Gothic\">Quinzaine de la Solidarit\u00e9 Internationale (MDCVA)<\/span><\/div>\n<div><span style=\"font-family: Century Gothic\"><br \/>\n<\/span><\/div>\n<div><span style=\"font-family: Century Gothic;font-size: large\">28 Nov. Saint Etienne?<\/span><\/div>\n<div><span style=\"font-family: Century Gothic;font-size: large\"><br \/>\n<\/span><\/div>\n<div><span style=\"font-family: Century Gothic;font-size: large\">29 Nov. &#8211; Cin\u00e9ma 102, Grenoble\u00a0<\/span><\/div>\n<div><span style=\"font-size: small\">102, rue d&rsquo;alembert<\/span><\/div>\n<div><span style=\"font-size: small\"><a href=\"http:\/\/www.le102.net\/\" target=\"_blank\" rel=\"noreferrer noopener\"><span style=\"font-family: Century Gothic\">www.l<\/span>e102.net<\/a><\/span><\/div>\n<div><\/div>\n<div>30 Nov. &#8211; Villeurbanne, le Rita Plage<\/div>\n<div><span style=\"font-size: small\">68, cours Tolsto\u00ef<\/span><\/div>\n<div><span style=\"font-family: Century Gothic;font-size: small\"><a href=\"http:\/\/www.rita-plage.com\/\" target=\"_blank\" rel=\"noreferrer noopener\">http:\/\/www.rita-plage.com<\/a>\u00a0<\/span><\/div>\n<div><span style=\"font-family: Century Gothic;font-size: large\"><br \/>\n<\/span><\/div>\n<div><span style=\"font-family: Century Gothic;font-size: large\">3 Dec. &#8211; Le Mans, Aux \u00e9crans du r\u00e9el<\/span><\/div>\n<div><span style=\"font-family: Century Gothic\">Festival du film documentaire\u00a0<\/span><\/div>\n<div><span style=\"font-family: Century Gothic\"><a href=\"http:\/\/www.assochroma.com\/index.php\/festival\/presentation\" target=\"_blank\" rel=\"noreferrer noopener\">http:\/\/www.assochroma.com\/index.php\/festival\/presentation<\/a><\/span><\/div>\n<\/div>\n<div><\/div>\n<div><span style=\"font-family: Century Gothic\"><br \/>\n<\/span><\/div>\n<div><\/div>\n<div><span style=\"font-family: Century Gothic;font-size: large\"><br \/>\n<\/span><\/div>\n<div><\/div>\n<div><span style=\"font-family: Century Gothic;font-size: small\"><br \/>\n<\/span><\/div>\n<\/div>\n<\/div>\n<\/div>\n<div class=\"moz-text-html\" lang=\"x-western\">\n<fieldset class=\"mimeAttachmentHeader\"><\/fieldset>\n<div>\n<div>\n<div>\n<div><span style=\"font-family: Century Gothic;font-size: small\"><br \/>\n<\/span><\/div>\n<div><i>Ce film est autoproduit par notre collectif Ozho Naay\u00e9 car nous tenons \u00e0 cette ind\u00e9pendance qui construit nos cr\u00e9ations. Nous sommes \u00e0 la recherche de r\u00e9seaux de diffusion ou d&rsquo;un distributeur pour la suite afin de transmettre ce regard de femmes en Turquie au plus grand nombre. Toutes les id\u00e9es sont les bienvenues.\u00a0<\/i><\/div>\n<div>\n<div><span style=\"font-family: Century Gothic;font-size: small\"><br \/>\n<\/span><\/div>\n<div><span style=\"font-family: Century Gothic;font-size: small\">POUR EN SAVOIR PLUS:<\/span><\/div>\n<div><span style=\"font-family: Century Gothic;font-size: small\"><br \/>\n<\/span><\/div>\n<div>\n<div><span style=\"font-family: Century Gothic;font-size: small\">Le site\u00a0d&rsquo;Ozho Naay\u00e9:\u00a0<a href=\"http:\/\/nomiozho.wixsite.com\/ozhonaaye\/films\" target=\"_blank\" rel=\"noreferrer noopener\">http:\/\/nomiozho.wixsite.com\/ozhonaaye\/films<\/a><\/span><\/div>\n<\/div>\n<\/div>\n<\/div>\n<div>\n<p>Pour les \u00e9v\u00e9nements, voir la page facebook:\u00a0<a href=\"https:\/\/www.facebook.com\/uneautremontagne\/\" target=\"_blank\" rel=\"noreferrer noopener\">https:\/\/www.facebook.com\/uneautremontagne\/<\/a><\/p>\n<p>un article sur le site Kedistan:\u00a0<a href=\"http:\/\/www.kedistan.net\/2017\/03\/26\/documentaire-une-autre-montagne\/\" target=\"_blank\" rel=\"noreferrer noopener\">http:\/\/www.kedistan.net\/2017\/03\/26\/documentaire-une-autre-montagne\/<\/a><\/p>\n<div>Le groupe Aman Aman:\u00a0<a href=\"https:\/\/www.facebook.com\/grupAmanAman\/\" target=\"_blank\" rel=\"noreferrer noopener\">https:\/\/www.facebook.com\/grupAmanAman\/<\/a><\/div>\n<div><\/div>\n<div>Un article sur Basta Mag par Les Lucioles du Doc:\u00a0<a href=\"https:\/\/www.bastamag.net\/Une-autre-montagne-un-film-sur-la-resistance-quotidienne-des-femmes-en-Turquie\" target=\"_blank\" rel=\"noreferrer noopener\">https:\/\/www.bastamag.net\/Une-autre-montagne-un-film-sur-la-resistance-quotidienne-des-femmes-en-Turquie<\/a><\/div>\n<div><\/div>\n<\/div>\n<\/div>\n<\/div>\n<\/div>\n<\/div>\n<\/div>\n<\/div>\n","protected":false},"excerpt":{"rendered":"<p>L&rsquo;association du Bout de la ville organise la venue de Anouk Mangeat et Noemi Aubry\u00a0Mardi 14 Novembre\u00a0 \u00e0 20h30 \u00e0 la salle multim\u00e9dia du Mas d&rsquo;Azil pour pr\u00e9senter leur film\u00a0Baska Bir Dag, une autre montagne.\u00a0Ce film documentaire raconte le parcours de trois femmes turques aujourd&rsquo;hui. Il est plus que\u00a0n\u00e9cessaire dans la p\u00e9riode de guerre. \u00a0 [&hellip;]<\/p>\n","protected":false},"author":8752,"featured_media":0,"comment_status":"open","ping_status":"closed","sticky":false,"template":"","format":"standard","meta":{"footnotes":""},"categories":[15,11,8,13,17],"tags":[],"class_list":["post-1296","post","type-post","status-publish","format-standard","hentry","category-cinema","category-enfermements","category-genre","category-musique","category-rdv"],"_links":{"self":[{"href":"https:\/\/tardigrada.noblogs.org\/index.php?rest_route=\/wp\/v2\/posts\/1296","targetHints":{"allow":["GET"]}}],"collection":[{"href":"https:\/\/tardigrada.noblogs.org\/index.php?rest_route=\/wp\/v2\/posts"}],"about":[{"href":"https:\/\/tardigrada.noblogs.org\/index.php?rest_route=\/wp\/v2\/types\/post"}],"author":[{"embeddable":true,"href":"https:\/\/tardigrada.noblogs.org\/index.php?rest_route=\/wp\/v2\/users\/8752"}],"replies":[{"embeddable":true,"href":"https:\/\/tardigrada.noblogs.org\/index.php?rest_route=%2Fwp%2Fv2%2Fcomments&post=1296"}],"version-history":[{"count":2,"href":"https:\/\/tardigrada.noblogs.org\/index.php?rest_route=\/wp\/v2\/posts\/1296\/revisions"}],"predecessor-version":[{"id":1298,"href":"https:\/\/tardigrada.noblogs.org\/index.php?rest_route=\/wp\/v2\/posts\/1296\/revisions\/1298"}],"wp:attachment":[{"href":"https:\/\/tardigrada.noblogs.org\/index.php?rest_route=%2Fwp%2Fv2%2Fmedia&parent=1296"}],"wp:term":[{"taxonomy":"category","embeddable":true,"href":"https:\/\/tardigrada.noblogs.org\/index.php?rest_route=%2Fwp%2Fv2%2Fcategories&post=1296"},{"taxonomy":"post_tag","embeddable":true,"href":"https:\/\/tardigrada.noblogs.org\/index.php?rest_route=%2Fwp%2Fv2%2Ftags&post=1296"}],"curies":[{"name":"wp","href":"https:\/\/api.w.org\/{rel}","templated":true}]}}