{"id":1278,"date":"2017-10-13T15:41:42","date_gmt":"2017-10-13T13:41:42","guid":{"rendered":"https:\/\/tardigrada.noblogs.org\/?p=1278"},"modified":"2017-10-13T15:48:19","modified_gmt":"2017-10-13T13:48:19","slug":"planning-familial-09","status":"publish","type":"post","link":"https:\/\/tardigrada.noblogs.org\/?p=1278","title":{"rendered":"Planning Familial 09"},"content":{"rendered":"<div id=\"content-header\">\n<h3>Accueil:<\/h3>\n<div class=\"content\">\n<p class=\"organisme-detail organisme-accueil\">Maison des Associations &#8211; Mairie<br \/>\n09200 ST. GIRONS<\/p>\n<h3>Contact:<\/h3>\n<h4>Par courrier<\/h4>\n<p class=\"organisme-detail organisme-contact-courrier\">Maison des Associations &#8211; Mairie<br \/>\n09200 ST. GIRONS<\/p>\n<h4>Par t\u00e9l\u00e9phone<\/h4>\n<p class=\"organisme-detail organisme-contact-tel\">06 29 26 79 78<\/p>\n<h4>Par e-mail<\/h4>\n<p class=\"organisme-detail organisme-contact-email\"><a href=\"mailto:mfpf09@yahoo.fr\">mfpf09@yahoo.fr<\/a><\/p>\n<h3>F\u00e9d\u00e9ration de rattachement:<\/h3>\n<p class=\"organisme-detail organisme-federation-rattachement\">F\u00e9d\u00e9ration R\u00e9gionale MIDI PYR\u0112N\u0112ES<\/p>\n<h3>Nous vous accueillons :<\/h3>\n<p>caravane itin\u00e9rante:<\/p>\n<ul>\n<li>accueil sur rendez-vous dans tout le d\u00e9partement<\/li>\n<li>permanence tous les deuxi\u00e8mes samedis du mois, march\u00e9 de Saint-Girons, de 9h00 \u00e0 13h00 devant la mairie<\/li>\n<\/ul>\n<p>permanence t\u00e9l\u00e9phonique 7jours\/7<\/p>\n<p>&nbsp;<\/p>\n<p>permanence tous les deuxi\u00e8mes mercredis du mois \u00e0 <strong>Tarascon <\/strong>(salle du TEF Tarascon Emploi Formation, rue Laguerre)\u00a0 de 15h30 \u00e0 18h00<\/p>\n<\/div>\n<h3>Pr\u00e9sentation:<\/h3>\n<\/div>\n<div id=\"content-area\">\n<div id=\"node-27\" class=\"node node-type-story\">\n<div class=\"node-inner\">\n<div class=\"content\">\n<p><strong>F\u00e9ministe et d\u2019\u00e9ducation populaire<\/strong>, c\u2019est ainsi que s\u2019affirme Le Planning Familial.<\/p>\n<p>Cr\u00e9\u00e9e en 1956 sous le nom de \u00ab\u00a0La maternit\u00e9 heureuse\u00a0\u00bb, l\u2019association r\u00e9unissait des femmes et des hommes bien d\u00e9cid\u00e9s \u00e0 faire changer la loi de 1920 qui interdisait l\u2019avortement, ainsi que l\u2019utilisation et la diffusion de tout moyen contraceptif en France.<br \/>\nEn 1960, l\u2019association devient le \u00ab\u00a0Mouvement Fran\u00e7ais pour Le Planning Familial\u00a0\u00bb (MFPF) dit <strong>\u00ab\u00a0Le Planning Familial<\/strong>\u00a0\u00bb et adh\u00e8re \u00e0 <strong>l\u2019International Planned Parenthood Federation <\/strong>(IPPF).<\/p>\n<p>Le Planning Familial est un <strong>mouvement militant<\/strong> qui prend en compte toutes les <strong>sexualit\u00e9s<\/strong>, d\u00e9fend le droit \u00e0 la <strong>contraception<\/strong>, \u00e0 <strong>l\u2019avortement <\/strong>et \u00e0 <strong>l\u2019\u00e9ducation \u00e0 la sexualit\u00e9<\/strong>. Il d\u00e9nonce et combat toutes les formes de <strong>violences<\/strong>,\u00a0 lutte contre le <strong>SIDA et les IST<\/strong>, contre toutes les formes de discrimination et contre les in\u00e9galit\u00e9s sociales.<\/p>\n<p>Alors que la hantise d\u2019une grossesse non pr\u00e9vue inhibait la sexualit\u00e9 des femmes, la conqu\u00eate de la contraception et du droit \u00e0 l\u2019avortement ont boulevers\u00e9 la soci\u00e9t\u00e9 toute enti\u00e8re par la possibilit\u00e9 de dissocier \u00ab\u00a0sexualit\u00e9\u00a0\u00bb et \u00ab\u00a0reproduction\u00a0\u00bb. Les femmes ont gagn\u00e9 \u00a0le droit de choisir d\u2019avoir ou non des enfants et de vivre une sexualit\u00e9 \u00e9panouie. Cap fondamental vers leur \u00e9mancipation et leur implication dans la vie sociale, professionnelle et politique, ce droit n\u2019est pas encore une r\u00e9alit\u00e9 pour toutes les femmes.<\/p>\n<p><strong>C\u2019est pour une soci\u00e9t\u00e9 plus juste, fond\u00e9e sur l\u2019\u00e9galit\u00e9 entre les femmes et les hommes, la mixit\u00e9 et la la\u00efcit\u00e9 que Le Planning Familial inscrit son action<\/strong>.<\/p>\n<\/div>\n<\/div>\n<\/div>\n<\/div>\n<p><a href=\"https:\/\/www.planning-familial.org\/articles\/genre-et-sante-sexuelle-0021706\">https:\/\/www.planning-familial.org\/articles\/genre-et-sante-sexuelle-0021706<\/a><\/p>\n<h4>TARDIGRADA SERVICE: <em>Si vous cherchez du mat\u00e9riel de pr\u00e9vention (pr\u00e9servatifs, gel, infos pratiques), n\u2019h\u00e9sitez pas \u00e0 passer \u00e0 La Buerie, maison associative, local Tardigrada,\u00a0 \u00e0 Brouzenac, entre St Girons et Foix.)<\/em><\/h4>\n<h4><\/h4>\n","protected":false},"excerpt":{"rendered":"<p>Accueil: Maison des Associations &#8211; Mairie 09200 ST. GIRONS Contact: Par courrier Maison des Associations &#8211; Mairie 09200 ST. GIRONS Par t\u00e9l\u00e9phone 06 29 26 79 78 Par e-mail mfpf09@yahoo.fr F\u00e9d\u00e9ration de rattachement: F\u00e9d\u00e9ration R\u00e9gionale MIDI PYR\u0112N\u0112ES Nous vous accueillons : caravane itin\u00e9rante: accueil sur rendez-vous dans tout le d\u00e9partement permanence tous les deuxi\u00e8mes samedis [&hellip;]<\/p>\n","protected":false},"author":8752,"featured_media":0,"comment_status":"open","ping_status":"closed","sticky":false,"template":"","format":"standard","meta":{"footnotes":""},"categories":[19,4,11,8,9,3,10,20,2],"tags":[],"class_list":["post-1278","post","type-post","status-publish","format-standard","hentry","category-anatomie","category-avortement-contraception","category-enfermements","category-genre","category-gynecologie","category-nouvelles-lois","category-prevention","category-sterilisation","category-travail-du-sexe"],"_links":{"self":[{"href":"https:\/\/tardigrada.noblogs.org\/index.php?rest_route=\/wp\/v2\/posts\/1278","targetHints":{"allow":["GET"]}}],"collection":[{"href":"https:\/\/tardigrada.noblogs.org\/index.php?rest_route=\/wp\/v2\/posts"}],"about":[{"href":"https:\/\/tardigrada.noblogs.org\/index.php?rest_route=\/wp\/v2\/types\/post"}],"author":[{"embeddable":true,"href":"https:\/\/tardigrada.noblogs.org\/index.php?rest_route=\/wp\/v2\/users\/8752"}],"replies":[{"embeddable":true,"href":"https:\/\/tardigrada.noblogs.org\/index.php?rest_route=%2Fwp%2Fv2%2Fcomments&post=1278"}],"version-history":[{"count":3,"href":"https:\/\/tardigrada.noblogs.org\/index.php?rest_route=\/wp\/v2\/posts\/1278\/revisions"}],"predecessor-version":[{"id":1281,"href":"https:\/\/tardigrada.noblogs.org\/index.php?rest_route=\/wp\/v2\/posts\/1278\/revisions\/1281"}],"wp:attachment":[{"href":"https:\/\/tardigrada.noblogs.org\/index.php?rest_route=%2Fwp%2Fv2%2Fmedia&parent=1278"}],"wp:term":[{"taxonomy":"category","embeddable":true,"href":"https:\/\/tardigrada.noblogs.org\/index.php?rest_route=%2Fwp%2Fv2%2Fcategories&post=1278"},{"taxonomy":"post_tag","embeddable":true,"href":"https:\/\/tardigrada.noblogs.org\/index.php?rest_route=%2Fwp%2Fv2%2Ftags&post=1278"}],"curies":[{"name":"wp","href":"https:\/\/api.w.org\/{rel}","templated":true}]}}