{"id":1197,"date":"2017-01-12T22:38:54","date_gmt":"2017-01-12T21:38:54","guid":{"rendered":"https:\/\/tardigrada.noblogs.org\/?p=1197"},"modified":"2017-02-25T22:40:09","modified_gmt":"2017-02-25T21:40:09","slug":"lutter-contre-les-mutilations-sexuelles-feminines-dans-une-perspective-decoloniale-un-point-de-vue-situe-conference","status":"publish","type":"post","link":"https:\/\/tardigrada.noblogs.org\/?p=1197","title":{"rendered":"\u00ab Lutter contre les mutilations sexuelles f\u00e9minines dans une perspective d\u00e9coloniale. Un point de vue situ\u00e9 \u00bb &#8211; conf\u00e9rence"},"content":{"rendered":"<p>** vous trouverez l&rsquo;enregistrement sonore de la conf\u00e9rence de \u00a0Sabreen Al\u2019Rassace et Ramata Kapo (r\u00e9alisatrice et militantes f\u00e9ministes contre les mutilations sexuelles f\u00e9minines) : \u00ab Lutter contre les mutilations sexuelles f\u00e9minines dans une perspective d\u00e9coloniale. Un point de vue situ\u00e9 \u00bb, 10 mai 2016, Paris 8<\/p>\n<p>ICI\u00a0:\u00a0<a href=\"https:\/\/www.youtube.com\/watch?v=i6twJeJM57c&amp;feature=youtu.be\" target=\"_blank\" rel=\"noreferrer\">https:\/\/www.youtube.com\/watch?v=i6twJeJM57c&amp;feature=youtu.be<\/a><\/p>\n<p>** Vous trouverez plus d&rsquo;info sur le s\u00e9minaire \u00ab\u00a0Pens\u00e9es f\u00e9ministes d\u00e9coloniales\u00a0\u00bb, journ\u00e9e d\u2019\u00e9tude du cycle de s\u00e9minaire \u00ab\u00a0Vers une anthropologie critique ?\u00a0\u00bb<\/p>\n<p>ICI\u00a0:\u00a0<a href=\"http:\/\/www.genre.univ-paris8.fr\/spip.php?rubrique382\" target=\"_blank\" rel=\"noreferrer\">http:\/\/www.genre.univ-paris8.fr\/spip.php?rubrique382<\/a><\/p>\n","protected":false},"excerpt":{"rendered":"<p>** vous trouverez l&rsquo;enregistrement sonore de la conf\u00e9rence de \u00a0Sabreen Al\u2019Rassace et Ramata Kapo (r\u00e9alisatrice et militantes f\u00e9ministes contre les mutilations sexuelles f\u00e9minines) : \u00ab Lutter contre les mutilations sexuelles f\u00e9minines dans une perspective d\u00e9coloniale. Un point de vue situ\u00e9 \u00bb, 10 mai 2016, Paris 8 ICI\u00a0:\u00a0https:\/\/www.youtube.com\/watch?v=i6twJeJM57c&amp;feature=youtu.be ** Vous trouverez plus d&rsquo;info sur le s\u00e9minaire [&hellip;]<\/p>\n","protected":false},"author":8752,"featured_media":0,"comment_status":"open","ping_status":"closed","sticky":false,"template":"","format":"standard","meta":{"footnotes":""},"categories":[10],"tags":[],"class_list":["post-1197","post","type-post","status-publish","format-standard","hentry","category-prevention"],"_links":{"self":[{"href":"https:\/\/tardigrada.noblogs.org\/index.php?rest_route=\/wp\/v2\/posts\/1197","targetHints":{"allow":["GET"]}}],"collection":[{"href":"https:\/\/tardigrada.noblogs.org\/index.php?rest_route=\/wp\/v2\/posts"}],"about":[{"href":"https:\/\/tardigrada.noblogs.org\/index.php?rest_route=\/wp\/v2\/types\/post"}],"author":[{"embeddable":true,"href":"https:\/\/tardigrada.noblogs.org\/index.php?rest_route=\/wp\/v2\/users\/8752"}],"replies":[{"embeddable":true,"href":"https:\/\/tardigrada.noblogs.org\/index.php?rest_route=%2Fwp%2Fv2%2Fcomments&post=1197"}],"version-history":[{"count":1,"href":"https:\/\/tardigrada.noblogs.org\/index.php?rest_route=\/wp\/v2\/posts\/1197\/revisions"}],"predecessor-version":[{"id":1198,"href":"https:\/\/tardigrada.noblogs.org\/index.php?rest_route=\/wp\/v2\/posts\/1197\/revisions\/1198"}],"wp:attachment":[{"href":"https:\/\/tardigrada.noblogs.org\/index.php?rest_route=%2Fwp%2Fv2%2Fmedia&parent=1197"}],"wp:term":[{"taxonomy":"category","embeddable":true,"href":"https:\/\/tardigrada.noblogs.org\/index.php?rest_route=%2Fwp%2Fv2%2Fcategories&post=1197"},{"taxonomy":"post_tag","embeddable":true,"href":"https:\/\/tardigrada.noblogs.org\/index.php?rest_route=%2Fwp%2Fv2%2Ftags&post=1197"}],"curies":[{"name":"wp","href":"https:\/\/api.w.org\/{rel}","templated":true}]}}