{"id":1180,"date":"2016-11-23T19:28:59","date_gmt":"2016-11-23T18:28:59","guid":{"rendered":"http:\/\/tardigrada.noblogs.org\/?p=1180"},"modified":"2016-11-23T19:28:59","modified_gmt":"2016-11-23T18:28:59","slug":"mineurs-de-calais-sortis-de-la-boue-mais-pas-de-larbitraire","status":"publish","type":"post","link":"https:\/\/tardigrada.noblogs.org\/?p=1180","title":{"rendered":"Mineurs de Calais : sortis de la boue, mais pas de l\u2019arbitraire"},"content":{"rendered":"<div class=\"cartouche\">\n<p class=\"titre\">Les pouvoirs publics s\u2019appr\u00eatent \u00e0 disperser la plus grande partie des mineurs isol\u00e9s de la jungle de Calais, \u00e0 l\u2019instar du sort qu\u2019ils r\u00e9servent aux adultes, dans des centres provisoires diss\u00e9min\u00e9s un peu partout en France.<\/p>\n<\/div>\n<p>Au motif d\u2019une urgence que seule l\u2019incurie des services de l\u2019\u00c9tat et du d\u00e9partement a provoqu\u00e9e, il est maintenant question d\u2019envoyer un millier de mineurs dans des centres ouverts dans l\u2019urgence, en dehors du dispositif pr\u00e9vu par les textes, sans agr\u00e9ment des d\u00e9partements, avec un encadrement \u00e9ducatif au rabais.<\/p>\n<p>Une proposition de cahier des charges pr\u00e9sent\u00e9e par les minist\u00e8res de l\u2019int\u00e9rieur, du logement et de la justice \u00e0 plusieurs associations pr\u00e9cise les missions et les modalit\u00e9s de fonctionnement de ces futurs \u00ab\u00a0centres provisoires de mise \u00e0 l\u2019abri sp\u00e9cialis\u00e9s pour mineur non accompagn\u00e9s\u00a0\u00bb (voir ci-dessous).<\/p>\n<p>Les \u00e9quipes de ces centres pourront proc\u00e9der \u00e0 une \u00e9valuation sociale de l\u2019isolement et de la minorit\u00e9 en dehors de tout cadre l\u00e9gal puisque ces jeunes ne seront, \u00e0 ce stade, ni confi\u00e9s aux services de l\u2019aide sociale \u00e0 l\u2019enfance d\u2019un d\u00e9partement ni signal\u00e9s \u00e0 l\u2019autorit\u00e9 judiciaire. Ceux d\u00e9clar\u00e9s majeurs seront renvoy\u00e9s dans des centres pour adultes, sans autre forme de proc\u00e8s.<\/p>\n<p>Les autres, dans l\u2019attente d\u2019une hypoth\u00e9tique prise en charge par un d\u00e9partement et un nouveau transfert, seront \u00ab\u00a0sensibilis\u00e9s \u00e0 l\u2019apprentissage du fran\u00e7ais\u00a0\u00bb et se verront \u00ab\u00a0proposer des animations \u00e9ducatives\u00a0\u00bb, une mani\u00e8re de dire qu\u2019ils seront priv\u00e9s de scolarisation.<\/p>\n<p>Comme tous les dispositifs de mise \u00e0 l\u2019abri temporaire de mineurs isol\u00e9s cr\u00e9\u00e9s ces derni\u00e8res ann\u00e9es, celui-ci constituera une rel\u00e9gation en marge du dispositif du droit commun de la protection de l\u2019enfance.<\/p>\n<p>Et on peut craindre qu\u2019\u00e0 dix-huit ans, alors qu\u2019ils n\u2019auront \u00e9t\u00e9 ni pris en charge par l\u2019aide sociale \u00e0 l\u2019enfance ni scolaris\u00e9s, ce ne soit vers des centres de r\u00e9tention administrative qu\u2019ils soient dirig\u00e9s.<\/p>\n<div class=\"spip\">Le 23 octobre 2016<\/div>\n<div class=\"spip\"><a href=\"http:\/\/www.gisti.org\/spip.php?article5491\">http:\/\/www.gisti.org\/spip.php?article5491<\/a><\/div>\n","protected":false},"excerpt":{"rendered":"<p>Les pouvoirs publics s\u2019appr\u00eatent \u00e0 disperser la plus grande partie des mineurs isol\u00e9s de la jungle de Calais, \u00e0 l\u2019instar du sort qu\u2019ils r\u00e9servent aux adultes, dans des centres provisoires diss\u00e9min\u00e9s un peu partout en France. Au motif d\u2019une urgence que seule l\u2019incurie des services de l\u2019\u00c9tat et du d\u00e9partement a provoqu\u00e9e, il est maintenant [&hellip;]<\/p>\n","protected":false},"author":8752,"featured_media":0,"comment_status":"open","ping_status":"closed","sticky":false,"template":"","format":"standard","meta":{"footnotes":""},"categories":[11],"tags":[],"class_list":["post-1180","post","type-post","status-publish","format-standard","hentry","category-enfermements"],"_links":{"self":[{"href":"https:\/\/tardigrada.noblogs.org\/index.php?rest_route=\/wp\/v2\/posts\/1180","targetHints":{"allow":["GET"]}}],"collection":[{"href":"https:\/\/tardigrada.noblogs.org\/index.php?rest_route=\/wp\/v2\/posts"}],"about":[{"href":"https:\/\/tardigrada.noblogs.org\/index.php?rest_route=\/wp\/v2\/types\/post"}],"author":[{"embeddable":true,"href":"https:\/\/tardigrada.noblogs.org\/index.php?rest_route=\/wp\/v2\/users\/8752"}],"replies":[{"embeddable":true,"href":"https:\/\/tardigrada.noblogs.org\/index.php?rest_route=%2Fwp%2Fv2%2Fcomments&post=1180"}],"version-history":[{"count":1,"href":"https:\/\/tardigrada.noblogs.org\/index.php?rest_route=\/wp\/v2\/posts\/1180\/revisions"}],"predecessor-version":[{"id":1181,"href":"https:\/\/tardigrada.noblogs.org\/index.php?rest_route=\/wp\/v2\/posts\/1180\/revisions\/1181"}],"wp:attachment":[{"href":"https:\/\/tardigrada.noblogs.org\/index.php?rest_route=%2Fwp%2Fv2%2Fmedia&parent=1180"}],"wp:term":[{"taxonomy":"category","embeddable":true,"href":"https:\/\/tardigrada.noblogs.org\/index.php?rest_route=%2Fwp%2Fv2%2Fcategories&post=1180"},{"taxonomy":"post_tag","embeddable":true,"href":"https:\/\/tardigrada.noblogs.org\/index.php?rest_route=%2Fwp%2Fv2%2Ftags&post=1180"}],"curies":[{"name":"wp","href":"https:\/\/api.w.org\/{rel}","templated":true}]}}